{"id":4649,"date":"2016-12-04T22:12:10","date_gmt":"2016-12-04T22:12:10","guid":{"rendered":"http:\/\/www.ulsguarda.min-saude.pt\/?p=4649"},"modified":"2016-12-04T22:13:37","modified_gmt":"2016-12-04T22:13:37","slug":"ordem-dos-enfermeiros-promove-semana-de-atividades-na-uls-5-a-9-de-dezembro","status":"publish","type":"post","link":"https:\/\/portaisuls-qua.azurewebsites.net\/ulsg\/noticias\/ordem-dos-enfermeiros-promove-semana-de-atividades-na-uls-5-a-9-de-dezembro\/","title":{"rendered":"ORDEM DOS ENFERMEIROS PROMOVE SEMANA DE ATIVIDADES NA ULS| 5 A 9 DE DEZEMBRO"},"content":{"rendered":"<p>Durante a semana de 5 a 9 de Dezembro, ir\u00e3o decorrer diversas atividades para Enfermeiros (Visitas Institucionais, Reuni\u00f5es com os Enfermeiros, Apresenta\u00e7\u00e3o de Projetos e Balc\u00e3o Administrativo). O evento \u201cLado a Lado \u2013 ningu\u00e9m est\u00e1 sozinho\u201d conta com visitas aos Centros de Sa\u00fade de Fornos de Algodres, Celorico da Beira, Seia e Guarda, assim como ao Hospital de Seia e ao Hospital Sousa Martins e ser\u00e1 coordenado e organizado pela Ordem dos Enfermeiros. <\/p>\n","protected":false},"excerpt":{"rendered":"<p>Durante a semana de 5 a 9 de Dezembro, ir\u00e3o decorrer diversas atividades para Enfermeiros (Visitas Institucionais, Reuni\u00f5es com os Enfermeiros, Apresenta\u00e7\u00e3o de Projetos e Balc\u00e3o Administrativo). O evento \u201cLado a Lado \u2013 ningu\u00e9m est\u00e1 sozinho\u201d conta com visitas aos Centros de Sa\u00fade de Fornos de Algodres, Celorico da Beira, Seia e Guarda, assim como [&hellip;]<\/p>\n","protected":false},"author":46,"featured_media":4650,"comment_status":"open","ping_status":"open","sticky":false,"template":"","format":"standard","meta":{"footnotes":""},"categories":[8],"tags":[],"class_list":["post-4649","post","type-post","status-publish","format-standard","has-post-thumbnail","hentry","category-noticias"],"_links":{"self":[{"href":"https:\/\/portaisuls-qua.azurewebsites.net\/ulsg\/wp-json\/wp\/v2\/posts\/4649","targetHints":{"allow":["GET"]}}],"collection":[{"href":"https:\/\/portaisuls-qua.azurewebsites.net\/ulsg\/wp-json\/wp\/v2\/posts"}],"about":[{"href":"https:\/\/portaisuls-qua.azurewebsites.net\/ulsg\/wp-json\/wp\/v2\/types\/post"}],"author":[{"embeddable":true,"href":"https:\/\/portaisuls-qua.azurewebsites.net\/ulsg\/wp-json\/wp\/v2\/users\/46"}],"replies":[{"embeddable":true,"href":"https:\/\/portaisuls-qua.azurewebsites.net\/ulsg\/wp-json\/wp\/v2\/comments?post=4649"}],"version-history":[{"count":1,"href":"https:\/\/portaisuls-qua.azurewebsites.net\/ulsg\/wp-json\/wp\/v2\/posts\/4649\/revisions"}],"predecessor-version":[{"id":4651,"href":"https:\/\/portaisuls-qua.azurewebsites.net\/ulsg\/wp-json\/wp\/v2\/posts\/4649\/revisions\/4651"}],"wp:featuredmedia":[{"embeddable":true,"href":"https:\/\/portaisuls-qua.azurewebsites.net\/ulsg\/wp-json\/wp\/v2\/media\/4650"}],"wp:attachment":[{"href":"https:\/\/portaisuls-qua.azurewebsites.net\/ulsg\/wp-json\/wp\/v2\/media?parent=4649"}],"wp:term":[{"taxonomy":"category","embeddable":true,"href":"https:\/\/portaisuls-qua.azurewebsites.net\/ulsg\/wp-json\/wp\/v2\/categories?post=4649"},{"taxonomy":"post_tag","embeddable":true,"href":"https:\/\/portaisuls-qua.azurewebsites.net\/ulsg\/wp-json\/wp\/v2\/tags?post=4649"}],"curies":[{"name":"wp","href":"https:\/\/api.w.org\/{rel}","templated":true}]}}