{"id":5097,"date":"2016-12-23T01:21:36","date_gmt":"2016-12-23T01:21:36","guid":{"rendered":"http:\/\/www.ulsguarda.min-saude.pt\/?p=5097"},"modified":"2016-12-23T01:56:44","modified_gmt":"2016-12-23T01:56:44","slug":"projeto-solidario-aki-implementado-numa-das-salas-do-servico-de-medicina","status":"publish","type":"post","link":"https:\/\/portaisuls-qua.azurewebsites.net\/ulsg\/noticias\/projeto-solidario-aki-implementado-numa-das-salas-do-servico-de-medicina\/","title":{"rendered":"PROJETO SOLID\u00c1RIO AKI IMPLEMENTADO NUMA DAS SALAS DO SERVI\u00c7O DE MEDICINA"},"content":{"rendered":"<p><span style=\"color: #444444;line-height: 150%;font-family: 'Arial','sans-serif';font-size: 9.5pt\">A equipa do\u00a0Aki Guarda aliou-se \u00e0\u00a0ULSGuarda para presentear a equipa do Servi\u00e7o de Medicina, Sector A, com a remodela\u00e7\u00e3o e decora\u00e7\u00e3o de uma\u00a0sala para presta\u00e7\u00e3o de\u00a0informa\u00e7\u00f5es dif\u00edceis.\u00a0<\/span><span style=\"color: #444444;line-height: 150%;font-family: 'Arial','sans-serif';font-size: 9.5pt\">Com o resultado deste projeto solid\u00e1rio, os doentes e a\u00a0equipa multidisciplinar do servi\u00e7o\u00a0disp\u00f5em agora,\u00a0de um espa\u00e7o condigno para receber familiares e utentes.<\/span><\/p>\n<p><span style=\"color: #444444;line-height: 150%;font-family: 'Arial','sans-serif';font-size: 9.5pt\">Este foi um ato de humanitude,\u00a0uma\u00a0pr\u00e1tica \u00e0 utiliza\u00e7\u00e3o do \u201ccora\u00e7\u00e3o\u201d na presta\u00e7\u00e3o do cuidar, que respeita e se preocupa com o ser humano,\u00a0que afasta a desumaniza\u00e7\u00e3o do cuidado, pelo que\u00a0<\/span><span style=\"color: #444444;line-height: 150%;font-family: 'Arial','sans-serif';font-size: 9.5pt\">agradecemos veemente a esta\u00a0equipa e empresa\u00a0solid\u00e1rias, a sua interven\u00e7\u00e3o.\u00a0<\/span><\/p>\n<p><span style=\"color: #444444;line-height: 150%;font-family: 'Arial','sans-serif';font-size: 9.5pt\">Emocionados, deixamos a todos as palavras de\u00a0Dalai Lama:\u00a0\u201cVisto que a\u00a0nossa vida come\u00e7a e termina com a necessidade de afeto e cuidados, n\u00e3o seria sensato praticarmos a compaix\u00e3o e o amor ao pr\u00f3ximo enquanto podemos?\u201d<\/span><span style=\"color: #444444;line-height: 150%;font-family: 'Arial','sans-serif';font-size: 9.5pt\">\u00a0<\/span><\/p>\n<p>&nbsp;<\/p>\n","protected":false},"excerpt":{"rendered":"<p>A equipa do\u00a0Aki Guarda aliou-se \u00e0\u00a0ULSGuarda para presentear a equipa do Servi\u00e7o de Medicina, Sector A, com a remodela\u00e7\u00e3o e decora\u00e7\u00e3o de uma\u00a0sala para presta\u00e7\u00e3o de\u00a0informa\u00e7\u00f5es dif\u00edceis.\u00a0Com o resultado deste projeto solid\u00e1rio, os doentes e a\u00a0equipa multidisciplinar do servi\u00e7o\u00a0disp\u00f5em agora,\u00a0de um espa\u00e7o condigno para receber familiares e utentes. Este foi um ato de humanitude,\u00a0uma\u00a0pr\u00e1tica \u00e0 [&hellip;]<\/p>\n","protected":false},"author":46,"featured_media":5096,"comment_status":"open","ping_status":"open","sticky":false,"template":"","format":"standard","meta":{"footnotes":""},"categories":[8],"tags":[],"class_list":["post-5097","post","type-post","status-publish","format-standard","has-post-thumbnail","hentry","category-noticias"],"_links":{"self":[{"href":"https:\/\/portaisuls-qua.azurewebsites.net\/ulsg\/wp-json\/wp\/v2\/posts\/5097","targetHints":{"allow":["GET"]}}],"collection":[{"href":"https:\/\/portaisuls-qua.azurewebsites.net\/ulsg\/wp-json\/wp\/v2\/posts"}],"about":[{"href":"https:\/\/portaisuls-qua.azurewebsites.net\/ulsg\/wp-json\/wp\/v2\/types\/post"}],"author":[{"embeddable":true,"href":"https:\/\/portaisuls-qua.azurewebsites.net\/ulsg\/wp-json\/wp\/v2\/users\/46"}],"replies":[{"embeddable":true,"href":"https:\/\/portaisuls-qua.azurewebsites.net\/ulsg\/wp-json\/wp\/v2\/comments?post=5097"}],"version-history":[{"count":1,"href":"https:\/\/portaisuls-qua.azurewebsites.net\/ulsg\/wp-json\/wp\/v2\/posts\/5097\/revisions"}],"predecessor-version":[{"id":5098,"href":"https:\/\/portaisuls-qua.azurewebsites.net\/ulsg\/wp-json\/wp\/v2\/posts\/5097\/revisions\/5098"}],"wp:featuredmedia":[{"embeddable":true,"href":"https:\/\/portaisuls-qua.azurewebsites.net\/ulsg\/wp-json\/wp\/v2\/media\/5096"}],"wp:attachment":[{"href":"https:\/\/portaisuls-qua.azurewebsites.net\/ulsg\/wp-json\/wp\/v2\/media?parent=5097"}],"wp:term":[{"taxonomy":"category","embeddable":true,"href":"https:\/\/portaisuls-qua.azurewebsites.net\/ulsg\/wp-json\/wp\/v2\/categories?post=5097"},{"taxonomy":"post_tag","embeddable":true,"href":"https:\/\/portaisuls-qua.azurewebsites.net\/ulsg\/wp-json\/wp\/v2\/tags?post=5097"}],"curies":[{"name":"wp","href":"https:\/\/api.w.org\/{rel}","templated":true}]}}