{"id":5276,"date":"2016-12-27T00:42:37","date_gmt":"2016-12-27T00:42:37","guid":{"rendered":"http:\/\/www.ulsguarda.min-saude.pt\/?p=5276"},"modified":"2016-12-27T09:58:28","modified_gmt":"2016-12-27T09:58:28","slug":"colaborador-da-uls-na-direccao-da-ordem-dos-psicologos","status":"publish","type":"post","link":"https:\/\/portaisuls-qua.azurewebsites.net\/ulsg\/noticias\/colaborador-da-uls-na-direccao-da-ordem-dos-psicologos\/","title":{"rendered":"Colaborador da ULS na direc\u00e7\u00e3o da Ordem dos Psic\u00f3logos"},"content":{"rendered":"<p>A Delega\u00e7\u00e3o Regional Centro da Ordem dos Psic\u00f3logos tomar\u00e1 posse no pr\u00f3ximo dia 30 deste m\u00eas. As elei\u00e7\u00f5es decorreram dia 6 deste m\u00eas e foi a lista do novo Baston\u00e1rio Francisco Miranda Rodrigues\u00a0que venceu todos os \u00f3rg\u00e3os sociais.<\/p>\n<p>Da equipa, que toma posse na pr\u00f3xima sexta-feira, faz parte um dos funcion\u00e1rios da ULS da Guarda. O psic\u00f3logo S\u00e9rgio Viana integra a dire\u00e7\u00e3o da Delega\u00e7\u00e3o Regional do Centro ocupando o lugar de Vogal da Dire\u00e7\u00e3o.<\/p>\n","protected":false},"excerpt":{"rendered":"<p>A Delega\u00e7\u00e3o Regional Centro da Ordem dos Psic\u00f3logos tomar\u00e1 posse no pr\u00f3ximo dia 30 deste m\u00eas. As elei\u00e7\u00f5es decorreram dia 6 deste m\u00eas e foi a lista do novo Baston\u00e1rio Francisco Miranda Rodrigues\u00a0que venceu todos os \u00f3rg\u00e3os sociais. Da equipa, que toma posse na pr\u00f3xima sexta-feira, faz parte um dos funcion\u00e1rios da ULS da Guarda. [&hellip;]<\/p>\n","protected":false},"author":46,"featured_media":5280,"comment_status":"open","ping_status":"open","sticky":false,"template":"","format":"standard","meta":{"footnotes":""},"categories":[8],"tags":[],"class_list":["post-5276","post","type-post","status-publish","format-standard","has-post-thumbnail","hentry","category-noticias"],"_links":{"self":[{"href":"https:\/\/portaisuls-qua.azurewebsites.net\/ulsg\/wp-json\/wp\/v2\/posts\/5276","targetHints":{"allow":["GET"]}}],"collection":[{"href":"https:\/\/portaisuls-qua.azurewebsites.net\/ulsg\/wp-json\/wp\/v2\/posts"}],"about":[{"href":"https:\/\/portaisuls-qua.azurewebsites.net\/ulsg\/wp-json\/wp\/v2\/types\/post"}],"author":[{"embeddable":true,"href":"https:\/\/portaisuls-qua.azurewebsites.net\/ulsg\/wp-json\/wp\/v2\/users\/46"}],"replies":[{"embeddable":true,"href":"https:\/\/portaisuls-qua.azurewebsites.net\/ulsg\/wp-json\/wp\/v2\/comments?post=5276"}],"version-history":[{"count":4,"href":"https:\/\/portaisuls-qua.azurewebsites.net\/ulsg\/wp-json\/wp\/v2\/posts\/5276\/revisions"}],"predecessor-version":[{"id":5284,"href":"https:\/\/portaisuls-qua.azurewebsites.net\/ulsg\/wp-json\/wp\/v2\/posts\/5276\/revisions\/5284"}],"wp:featuredmedia":[{"embeddable":true,"href":"https:\/\/portaisuls-qua.azurewebsites.net\/ulsg\/wp-json\/wp\/v2\/media\/5280"}],"wp:attachment":[{"href":"https:\/\/portaisuls-qua.azurewebsites.net\/ulsg\/wp-json\/wp\/v2\/media?parent=5276"}],"wp:term":[{"taxonomy":"category","embeddable":true,"href":"https:\/\/portaisuls-qua.azurewebsites.net\/ulsg\/wp-json\/wp\/v2\/categories?post=5276"},{"taxonomy":"post_tag","embeddable":true,"href":"https:\/\/portaisuls-qua.azurewebsites.net\/ulsg\/wp-json\/wp\/v2\/tags?post=5276"}],"curies":[{"name":"wp","href":"https:\/\/api.w.org\/{rel}","templated":true}]}}