{"id":5337,"date":"2017-01-01T16:31:18","date_gmt":"2017-01-01T16:31:18","guid":{"rendered":"http:\/\/www.ulsguarda.min-saude.pt\/?p=5337"},"modified":"2017-01-01T16:34:01","modified_gmt":"2017-01-01T16:34:01","slug":"maria-clara-foi-a-primeira-a-nascer-na-guarda-em-2017","status":"publish","type":"post","link":"https:\/\/portaisuls-qua.azurewebsites.net\/ulsg\/noticias\/maria-clara-foi-a-primeira-a-nascer-na-guarda-em-2017\/","title":{"rendered":"MARIA CLARA FOI A PRIMEIRA A NASCER NA GUARDA EM 2017"},"content":{"rendered":"<p>Filha de um casal de Fornos de Algodres, a Maria Clara foi a primeira beb\u00e9 a nascer na Guarda em 2017. Nasceu de cesariana \u00e0s 10h 49m de dia 1 de janeiro e pesa 2,700 Kg.<\/p>\n<p>O Presidente da C\u00e2mara Municipal da Guarda, \u00c1lvaro Amaro, entregou ao final da manh\u00e3 deste domingo ao pai da primeira beb\u00e9 nascida na Guarda lembran\u00e7as simb\u00f3licas: uma escultura em miniatura do anjo da guarda e um enxoval. O Conselho de Administra\u00e7\u00e3o da ULS ir\u00e1 tamb\u00e9m proceder \u00e0 entrega um presente \u00e0 pequena Maria Clara, esta segunda-feira, dia 2 de janeiro de 2017.<\/p>\n<p>&nbsp;<\/p>\n","protected":false},"excerpt":{"rendered":"<p>Filha de um casal de Fornos de Algodres, a Maria Clara foi a primeira beb\u00e9 a nascer na Guarda em 2017. Nasceu de cesariana \u00e0s 10h 49m de dia 1 de janeiro e pesa 2,700 Kg. O Presidente da C\u00e2mara Municipal da Guarda, \u00c1lvaro Amaro, entregou ao final da manh\u00e3 deste domingo ao pai da [&hellip;]<\/p>\n","protected":false},"author":46,"featured_media":5338,"comment_status":"open","ping_status":"open","sticky":false,"template":"","format":"standard","meta":{"footnotes":""},"categories":[8],"tags":[],"class_list":["post-5337","post","type-post","status-publish","format-standard","has-post-thumbnail","hentry","category-noticias"],"_links":{"self":[{"href":"https:\/\/portaisuls-qua.azurewebsites.net\/ulsg\/wp-json\/wp\/v2\/posts\/5337","targetHints":{"allow":["GET"]}}],"collection":[{"href":"https:\/\/portaisuls-qua.azurewebsites.net\/ulsg\/wp-json\/wp\/v2\/posts"}],"about":[{"href":"https:\/\/portaisuls-qua.azurewebsites.net\/ulsg\/wp-json\/wp\/v2\/types\/post"}],"author":[{"embeddable":true,"href":"https:\/\/portaisuls-qua.azurewebsites.net\/ulsg\/wp-json\/wp\/v2\/users\/46"}],"replies":[{"embeddable":true,"href":"https:\/\/portaisuls-qua.azurewebsites.net\/ulsg\/wp-json\/wp\/v2\/comments?post=5337"}],"version-history":[{"count":1,"href":"https:\/\/portaisuls-qua.azurewebsites.net\/ulsg\/wp-json\/wp\/v2\/posts\/5337\/revisions"}],"predecessor-version":[{"id":5339,"href":"https:\/\/portaisuls-qua.azurewebsites.net\/ulsg\/wp-json\/wp\/v2\/posts\/5337\/revisions\/5339"}],"wp:featuredmedia":[{"embeddable":true,"href":"https:\/\/portaisuls-qua.azurewebsites.net\/ulsg\/wp-json\/wp\/v2\/media\/5338"}],"wp:attachment":[{"href":"https:\/\/portaisuls-qua.azurewebsites.net\/ulsg\/wp-json\/wp\/v2\/media?parent=5337"}],"wp:term":[{"taxonomy":"category","embeddable":true,"href":"https:\/\/portaisuls-qua.azurewebsites.net\/ulsg\/wp-json\/wp\/v2\/categories?post=5337"},{"taxonomy":"post_tag","embeddable":true,"href":"https:\/\/portaisuls-qua.azurewebsites.net\/ulsg\/wp-json\/wp\/v2\/tags?post=5337"}],"curies":[{"name":"wp","href":"https:\/\/api.w.org\/{rel}","templated":true}]}}