{"id":5369,"date":"2017-01-02T17:48:57","date_gmt":"2017-01-02T17:48:57","guid":{"rendered":"http:\/\/www.ulsguarda.min-saude.pt\/?p=5369"},"modified":"2017-01-02T17:49:37","modified_gmt":"2017-01-02T17:49:37","slug":"maternidade-da-guarda-aumenta-numero-de-nascimentos","status":"publish","type":"post","link":"https:\/\/portaisuls-qua.azurewebsites.net\/ulsg\/noticias\/maternidade-da-guarda-aumenta-numero-de-nascimentos\/","title":{"rendered":"Maternidade da Guarda aumenta n\u00famero de nascimentos"},"content":{"rendered":"<p>A maternidade da Unidade Local de Sa\u00fade (ULS) da Guarda registou em 2016 um aumento no n\u00famero de nascimentos: 584 rec\u00e9m-nascidos. H\u00e1 assim um aumento na ordem dos 5 por cento de nascimentos na nossa Unidade de Sa\u00fade em rela\u00e7\u00e3o ao ano anterior.<\/p>\n<p>Em 2017 e at\u00e9 ao meio dia de hoje j\u00e1 nasceram 3 crian\u00e7as. A primeira a nascer este ano na Maternidade da Guarda \u00e9 a primeira filha de um casal de Fornos de Algodres e chama-se Maria Clara. A pequenita e os pais receberam esta manh\u00e3 a visita do Conselho de Administra\u00e7\u00e3o da ULS da Guarda e da dire\u00e7\u00e3o do Departamento de Sa\u00fade da Crian\u00e7a e da Mulher que lhe levaram uma pequena lembran\u00e7a.<\/p>\n<p>&nbsp;<\/p>\n<p>&nbsp;<\/p>\n","protected":false},"excerpt":{"rendered":"<p>A maternidade da Unidade Local de Sa\u00fade (ULS) da Guarda registou em 2016 um aumento no n\u00famero de nascimentos: 584 rec\u00e9m-nascidos. H\u00e1 assim um aumento na ordem dos 5 por cento de nascimentos na nossa Unidade de Sa\u00fade em rela\u00e7\u00e3o ao ano anterior. Em 2017 e at\u00e9 ao meio dia de hoje j\u00e1 nasceram 3 [&hellip;]<\/p>\n","protected":false},"author":46,"featured_media":5370,"comment_status":"open","ping_status":"open","sticky":false,"template":"","format":"standard","meta":{"footnotes":""},"categories":[8],"tags":[],"class_list":["post-5369","post","type-post","status-publish","format-standard","has-post-thumbnail","hentry","category-noticias"],"_links":{"self":[{"href":"https:\/\/portaisuls-qua.azurewebsites.net\/ulsg\/wp-json\/wp\/v2\/posts\/5369","targetHints":{"allow":["GET"]}}],"collection":[{"href":"https:\/\/portaisuls-qua.azurewebsites.net\/ulsg\/wp-json\/wp\/v2\/posts"}],"about":[{"href":"https:\/\/portaisuls-qua.azurewebsites.net\/ulsg\/wp-json\/wp\/v2\/types\/post"}],"author":[{"embeddable":true,"href":"https:\/\/portaisuls-qua.azurewebsites.net\/ulsg\/wp-json\/wp\/v2\/users\/46"}],"replies":[{"embeddable":true,"href":"https:\/\/portaisuls-qua.azurewebsites.net\/ulsg\/wp-json\/wp\/v2\/comments?post=5369"}],"version-history":[{"count":1,"href":"https:\/\/portaisuls-qua.azurewebsites.net\/ulsg\/wp-json\/wp\/v2\/posts\/5369\/revisions"}],"predecessor-version":[{"id":5371,"href":"https:\/\/portaisuls-qua.azurewebsites.net\/ulsg\/wp-json\/wp\/v2\/posts\/5369\/revisions\/5371"}],"wp:featuredmedia":[{"embeddable":true,"href":"https:\/\/portaisuls-qua.azurewebsites.net\/ulsg\/wp-json\/wp\/v2\/media\/5370"}],"wp:attachment":[{"href":"https:\/\/portaisuls-qua.azurewebsites.net\/ulsg\/wp-json\/wp\/v2\/media?parent=5369"}],"wp:term":[{"taxonomy":"category","embeddable":true,"href":"https:\/\/portaisuls-qua.azurewebsites.net\/ulsg\/wp-json\/wp\/v2\/categories?post=5369"},{"taxonomy":"post_tag","embeddable":true,"href":"https:\/\/portaisuls-qua.azurewebsites.net\/ulsg\/wp-json\/wp\/v2\/tags?post=5369"}],"curies":[{"name":"wp","href":"https:\/\/api.w.org\/{rel}","templated":true}]}}