{"id":5372,"date":"2017-01-02T18:16:13","date_gmt":"2017-01-02T18:16:13","guid":{"rendered":"http:\/\/www.ulsguarda.min-saude.pt\/?p=5372"},"modified":"2017-01-02T18:16:45","modified_gmt":"2017-01-02T18:16:45","slug":"sessao-de-boas-vindas-aos-internos-2-de-janeiro-de-2017","status":"publish","type":"post","link":"https:\/\/portaisuls-qua.azurewebsites.net\/ulsg\/noticias\/sessao-de-boas-vindas-aos-internos-2-de-janeiro-de-2017\/","title":{"rendered":"SESS\u00c3O DE BOAS VINDAS AOS INTERNOS| 2 DE JANEIRO DE 2017"},"content":{"rendered":"<p><span class=\" _50f4\">A ULS da Guarda recebeu neste inicio de ano, mais um grupo de Internos do Ano Comum e da Forma\u00e7\u00e3o Espec\u00edfica. Na cerim\u00f3nia de rece\u00e7\u00e3o aos novos m\u00e9dicos, apresentaram-se\u00a0trinta e oito profissionais (27 do Ano Comum e 11 de Forma\u00e7\u00e3o Espec\u00edfica). O acolhimento aos novos profissionais foi feito pelo Presidente do CA, Diretor Cl\u00ednico da ULS da Guarda, pela dire\u00e7\u00e3o do Internato M\u00e9dico, Gabinete de Forma\u00e7\u00e3o e Desenvolvimento Profissional, Servi\u00e7o de Recursos Humanos e Servi\u00e7o de Inform\u00e1tica. <\/span><\/p>\n<p><span class=\" _50f4\">A ULS da Guarda congratula-se com a chegada dos novos profissionais de sa\u00fade \u00e0 institui\u00e7\u00e3o.<\/span><\/p>\n","protected":false},"excerpt":{"rendered":"<p>A ULS da Guarda recebeu neste inicio de ano, mais um grupo de Internos do Ano Comum e da Forma\u00e7\u00e3o Espec\u00edfica. Na cerim\u00f3nia de rece\u00e7\u00e3o aos novos m\u00e9dicos, apresentaram-se\u00a0trinta e oito profissionais (27 do Ano Comum e 11 de Forma\u00e7\u00e3o Espec\u00edfica). O acolhimento aos novos profissionais foi feito pelo Presidente do CA, Diretor Cl\u00ednico da [&hellip;]<\/p>\n","protected":false},"author":46,"featured_media":5373,"comment_status":"open","ping_status":"open","sticky":false,"template":"","format":"standard","meta":{"footnotes":""},"categories":[8],"tags":[],"class_list":["post-5372","post","type-post","status-publish","format-standard","has-post-thumbnail","hentry","category-noticias"],"_links":{"self":[{"href":"https:\/\/portaisuls-qua.azurewebsites.net\/ulsg\/wp-json\/wp\/v2\/posts\/5372","targetHints":{"allow":["GET"]}}],"collection":[{"href":"https:\/\/portaisuls-qua.azurewebsites.net\/ulsg\/wp-json\/wp\/v2\/posts"}],"about":[{"href":"https:\/\/portaisuls-qua.azurewebsites.net\/ulsg\/wp-json\/wp\/v2\/types\/post"}],"author":[{"embeddable":true,"href":"https:\/\/portaisuls-qua.azurewebsites.net\/ulsg\/wp-json\/wp\/v2\/users\/46"}],"replies":[{"embeddable":true,"href":"https:\/\/portaisuls-qua.azurewebsites.net\/ulsg\/wp-json\/wp\/v2\/comments?post=5372"}],"version-history":[{"count":1,"href":"https:\/\/portaisuls-qua.azurewebsites.net\/ulsg\/wp-json\/wp\/v2\/posts\/5372\/revisions"}],"predecessor-version":[{"id":5374,"href":"https:\/\/portaisuls-qua.azurewebsites.net\/ulsg\/wp-json\/wp\/v2\/posts\/5372\/revisions\/5374"}],"wp:featuredmedia":[{"embeddable":true,"href":"https:\/\/portaisuls-qua.azurewebsites.net\/ulsg\/wp-json\/wp\/v2\/media\/5373"}],"wp:attachment":[{"href":"https:\/\/portaisuls-qua.azurewebsites.net\/ulsg\/wp-json\/wp\/v2\/media?parent=5372"}],"wp:term":[{"taxonomy":"category","embeddable":true,"href":"https:\/\/portaisuls-qua.azurewebsites.net\/ulsg\/wp-json\/wp\/v2\/categories?post=5372"},{"taxonomy":"post_tag","embeddable":true,"href":"https:\/\/portaisuls-qua.azurewebsites.net\/ulsg\/wp-json\/wp\/v2\/tags?post=5372"}],"curies":[{"name":"wp","href":"https:\/\/api.w.org\/{rel}","templated":true}]}}