{"id":5375,"date":"2017-01-03T12:22:49","date_gmt":"2017-01-03T12:22:49","guid":{"rendered":"http:\/\/www.ulsguarda.min-saude.pt\/?p=5375"},"modified":"2017-01-03T12:23:57","modified_gmt":"2017-01-03T12:23:57","slug":"uls-tem-nova-medica-especialista-em-mgf","status":"publish","type":"post","link":"https:\/\/portaisuls-qua.azurewebsites.net\/ulsg\/noticias\/uls-tem-nova-medica-especialista-em-mgf\/","title":{"rendered":"ULS TEM NOVA M\u00c9DICA ESPECIALISTA EM MGF"},"content":{"rendered":"<p>Assinou esta segunda-feira contrato com a ULS da Guarda a Dr.\u00aa Anne-Marie da Costa Ferreira. A M\u00e9dica Especialista em Medicina Geral e Familiar vai iniciar fun\u00e7\u00f5es no Centro de Sa\u00fade de Seia.<\/p>\n<p>A nova contrata\u00e7\u00e3o constitui assim mais um avan\u00e7o na presta\u00e7\u00e3o de cuidados \u00e0 popula\u00e7\u00e3o do concelho de Seia.<\/p>\n<p>&nbsp;<\/p>\n","protected":false},"excerpt":{"rendered":"<p>Assinou esta segunda-feira contrato com a ULS da Guarda a Dr.\u00aa Anne-Marie da Costa Ferreira. A M\u00e9dica Especialista em Medicina Geral e Familiar vai iniciar fun\u00e7\u00f5es no Centro de Sa\u00fade de Seia. A nova contrata\u00e7\u00e3o constitui assim mais um avan\u00e7o na presta\u00e7\u00e3o de cuidados \u00e0 popula\u00e7\u00e3o do concelho de Seia. &nbsp;<\/p>\n","protected":false},"author":46,"featured_media":5376,"comment_status":"open","ping_status":"open","sticky":false,"template":"","format":"standard","meta":{"footnotes":""},"categories":[8],"tags":[],"class_list":["post-5375","post","type-post","status-publish","format-standard","has-post-thumbnail","hentry","category-noticias"],"_links":{"self":[{"href":"https:\/\/portaisuls-qua.azurewebsites.net\/ulsg\/wp-json\/wp\/v2\/posts\/5375","targetHints":{"allow":["GET"]}}],"collection":[{"href":"https:\/\/portaisuls-qua.azurewebsites.net\/ulsg\/wp-json\/wp\/v2\/posts"}],"about":[{"href":"https:\/\/portaisuls-qua.azurewebsites.net\/ulsg\/wp-json\/wp\/v2\/types\/post"}],"author":[{"embeddable":true,"href":"https:\/\/portaisuls-qua.azurewebsites.net\/ulsg\/wp-json\/wp\/v2\/users\/46"}],"replies":[{"embeddable":true,"href":"https:\/\/portaisuls-qua.azurewebsites.net\/ulsg\/wp-json\/wp\/v2\/comments?post=5375"}],"version-history":[{"count":1,"href":"https:\/\/portaisuls-qua.azurewebsites.net\/ulsg\/wp-json\/wp\/v2\/posts\/5375\/revisions"}],"predecessor-version":[{"id":5377,"href":"https:\/\/portaisuls-qua.azurewebsites.net\/ulsg\/wp-json\/wp\/v2\/posts\/5375\/revisions\/5377"}],"wp:featuredmedia":[{"embeddable":true,"href":"https:\/\/portaisuls-qua.azurewebsites.net\/ulsg\/wp-json\/wp\/v2\/media\/5376"}],"wp:attachment":[{"href":"https:\/\/portaisuls-qua.azurewebsites.net\/ulsg\/wp-json\/wp\/v2\/media?parent=5375"}],"wp:term":[{"taxonomy":"category","embeddable":true,"href":"https:\/\/portaisuls-qua.azurewebsites.net\/ulsg\/wp-json\/wp\/v2\/categories?post=5375"},{"taxonomy":"post_tag","embeddable":true,"href":"https:\/\/portaisuls-qua.azurewebsites.net\/ulsg\/wp-json\/wp\/v2\/tags?post=5375"}],"curies":[{"name":"wp","href":"https:\/\/api.w.org\/{rel}","templated":true}]}}