{"id":5404,"date":"2017-01-06T12:39:15","date_gmt":"2017-01-06T12:39:15","guid":{"rendered":"http:\/\/www.ulsguarda.min-saude.pt\/?p=5404"},"modified":"2017-01-06T12:42:49","modified_gmt":"2017-01-06T12:42:49","slug":"servico-de-pediatria-recebe-o-primeiro-medico-interno-para-formacao-na-especialidade","status":"publish","type":"post","link":"https:\/\/portaisuls-qua.azurewebsites.net\/ulsg\/noticias\/servico-de-pediatria-recebe-o-primeiro-medico-interno-para-formacao-na-especialidade\/","title":{"rendered":"SERVI\u00c7O DE PEDIATRIA RECEBE O PRIMEIRO M\u00c9DICO INTERNO PARA  FORMA\u00c7\u00c3O NA ESPECIALIDADE"},"content":{"rendered":"<p>O Departamento da Sa\u00fade da Crian\u00e7a da Mulher regozija-se pelo fato de ter recebido no passado dia 2 de janeiro de 2017, o primeiro m\u00e9dico interno de pediatria para receber a sua forma\u00e7\u00e3o no Servi\u00e7o, depois deste ter adquirido, em julho do ano passado, capacidade formativa para o Internato Complementar de Pediatria M\u00e9dica.<\/p>\n<p>Este reconhecimento do Col\u00e9gio da Especialidade de Pediatria da Ordem dos M\u00e9dicos era uma ambi\u00e7\u00e3o antiga que finalmente se concretizou. Este fato \u00e9 mais uma prova da excelente qualidade dos profissionais que trabalham no Servi\u00e7o de Pediatria e dos excelentes cuidados que ai se prestam \u00e0s crian\u00e7as e adolescentes.<\/p>\n<p>Acreditamos que este reconhecimento e a chegada do primeiro interno representam um fator de atra\u00e7\u00e3o de novos m\u00e9dicos para a nossa Institui\u00e7\u00e3o.<\/p>\n<p>&nbsp;<\/p>\n","protected":false},"excerpt":{"rendered":"<p>O Departamento da Sa\u00fade da Crian\u00e7a da Mulher regozija-se pelo fato de ter recebido no passado dia 2 de janeiro de 2017, o primeiro m\u00e9dico interno de pediatria para receber a sua forma\u00e7\u00e3o no Servi\u00e7o, depois deste ter adquirido, em julho do ano passado, capacidade formativa para o Internato Complementar de Pediatria M\u00e9dica. Este reconhecimento [&hellip;]<\/p>\n","protected":false},"author":46,"featured_media":5405,"comment_status":"open","ping_status":"open","sticky":false,"template":"","format":"standard","meta":{"footnotes":""},"categories":[8],"tags":[],"class_list":["post-5404","post","type-post","status-publish","format-standard","has-post-thumbnail","hentry","category-noticias"],"_links":{"self":[{"href":"https:\/\/portaisuls-qua.azurewebsites.net\/ulsg\/wp-json\/wp\/v2\/posts\/5404","targetHints":{"allow":["GET"]}}],"collection":[{"href":"https:\/\/portaisuls-qua.azurewebsites.net\/ulsg\/wp-json\/wp\/v2\/posts"}],"about":[{"href":"https:\/\/portaisuls-qua.azurewebsites.net\/ulsg\/wp-json\/wp\/v2\/types\/post"}],"author":[{"embeddable":true,"href":"https:\/\/portaisuls-qua.azurewebsites.net\/ulsg\/wp-json\/wp\/v2\/users\/46"}],"replies":[{"embeddable":true,"href":"https:\/\/portaisuls-qua.azurewebsites.net\/ulsg\/wp-json\/wp\/v2\/comments?post=5404"}],"version-history":[{"count":1,"href":"https:\/\/portaisuls-qua.azurewebsites.net\/ulsg\/wp-json\/wp\/v2\/posts\/5404\/revisions"}],"predecessor-version":[{"id":5406,"href":"https:\/\/portaisuls-qua.azurewebsites.net\/ulsg\/wp-json\/wp\/v2\/posts\/5404\/revisions\/5406"}],"wp:featuredmedia":[{"embeddable":true,"href":"https:\/\/portaisuls-qua.azurewebsites.net\/ulsg\/wp-json\/wp\/v2\/media\/5405"}],"wp:attachment":[{"href":"https:\/\/portaisuls-qua.azurewebsites.net\/ulsg\/wp-json\/wp\/v2\/media?parent=5404"}],"wp:term":[{"taxonomy":"category","embeddable":true,"href":"https:\/\/portaisuls-qua.azurewebsites.net\/ulsg\/wp-json\/wp\/v2\/categories?post=5404"},{"taxonomy":"post_tag","embeddable":true,"href":"https:\/\/portaisuls-qua.azurewebsites.net\/ulsg\/wp-json\/wp\/v2\/tags?post=5404"}],"curies":[{"name":"wp","href":"https:\/\/api.w.org\/{rel}","templated":true}]}}