{"id":5518,"date":"2017-01-19T17:22:58","date_gmt":"2017-01-19T17:22:58","guid":{"rendered":"http:\/\/www.ulsguarda.min-saude.pt\/?p=5518"},"modified":"2017-01-19T17:23:26","modified_gmt":"2017-01-19T17:23:26","slug":"formacao-sobre-diabetes-tipo-i-na-crianca-e-adolescente-em-seia","status":"publish","type":"post","link":"https:\/\/portaisuls-qua.azurewebsites.net\/ulsg\/noticias\/formacao-sobre-diabetes-tipo-i-na-crianca-e-adolescente-em-seia\/","title":{"rendered":"FORMA\u00c7\u00c3O SOBRE DIABETES TIPO I NA CRIAN\u00c7A E ADOLESCENTE EM SEIA"},"content":{"rendered":"<p>Na passada quarta-feira, dia 18 de janeiro, entre as 10 e as 17 Horas, a Equipa de Interven\u00e7\u00e3o no Tratamento e Controle da Diabetes em Pediatria (EITCDP) da ULS da Guarda (Servi\u00e7o de Pediatria) desenvolveu uma A\u00e7\u00e3o de Forma\u00e7\u00e3o sobre <strong>Diabetes Tipo I na Crian\u00e7a e Adolescente<\/strong>, onde foram abordados os seguintes temas: Educa\u00e7\u00e3o Terap\u00eautica; Defini\u00e7\u00e3o, Complica\u00e7\u00f5es e Esquemas Terap\u00eauticos; Terap\u00eautica: Insulinoterapia, Alimenta\u00e7\u00e3o, Exerc\u00edcio F\u00edsico e Hipoglicemias.\u00a0Nesta Forma\u00e7\u00e3o participaram 10 enfermeiros da UCSP e UCC do C.S. de Seia e 1 aluno de Medicina.<\/p>\n<p>&nbsp;<\/p>\n","protected":false},"excerpt":{"rendered":"<p>Na passada quarta-feira, dia 18 de janeiro, entre as 10 e as 17 Horas, a Equipa de Interven\u00e7\u00e3o no Tratamento e Controle da Diabetes em Pediatria (EITCDP) da ULS da Guarda (Servi\u00e7o de Pediatria) desenvolveu uma A\u00e7\u00e3o de Forma\u00e7\u00e3o sobre Diabetes Tipo I na Crian\u00e7a e Adolescente, onde foram abordados os seguintes temas: Educa\u00e7\u00e3o Terap\u00eautica; [&hellip;]<\/p>\n","protected":false},"author":46,"featured_media":5519,"comment_status":"open","ping_status":"open","sticky":false,"template":"","format":"standard","meta":{"footnotes":""},"categories":[8],"tags":[],"class_list":["post-5518","post","type-post","status-publish","format-standard","has-post-thumbnail","hentry","category-noticias"],"_links":{"self":[{"href":"https:\/\/portaisuls-qua.azurewebsites.net\/ulsg\/wp-json\/wp\/v2\/posts\/5518","targetHints":{"allow":["GET"]}}],"collection":[{"href":"https:\/\/portaisuls-qua.azurewebsites.net\/ulsg\/wp-json\/wp\/v2\/posts"}],"about":[{"href":"https:\/\/portaisuls-qua.azurewebsites.net\/ulsg\/wp-json\/wp\/v2\/types\/post"}],"author":[{"embeddable":true,"href":"https:\/\/portaisuls-qua.azurewebsites.net\/ulsg\/wp-json\/wp\/v2\/users\/46"}],"replies":[{"embeddable":true,"href":"https:\/\/portaisuls-qua.azurewebsites.net\/ulsg\/wp-json\/wp\/v2\/comments?post=5518"}],"version-history":[{"count":1,"href":"https:\/\/portaisuls-qua.azurewebsites.net\/ulsg\/wp-json\/wp\/v2\/posts\/5518\/revisions"}],"predecessor-version":[{"id":5520,"href":"https:\/\/portaisuls-qua.azurewebsites.net\/ulsg\/wp-json\/wp\/v2\/posts\/5518\/revisions\/5520"}],"wp:featuredmedia":[{"embeddable":true,"href":"https:\/\/portaisuls-qua.azurewebsites.net\/ulsg\/wp-json\/wp\/v2\/media\/5519"}],"wp:attachment":[{"href":"https:\/\/portaisuls-qua.azurewebsites.net\/ulsg\/wp-json\/wp\/v2\/media?parent=5518"}],"wp:term":[{"taxonomy":"category","embeddable":true,"href":"https:\/\/portaisuls-qua.azurewebsites.net\/ulsg\/wp-json\/wp\/v2\/categories?post=5518"},{"taxonomy":"post_tag","embeddable":true,"href":"https:\/\/portaisuls-qua.azurewebsites.net\/ulsg\/wp-json\/wp\/v2\/tags?post=5518"}],"curies":[{"name":"wp","href":"https:\/\/api.w.org\/{rel}","templated":true}]}}