{"id":5534,"date":"2017-01-20T17:22:13","date_gmt":"2017-01-20T17:22:13","guid":{"rendered":"http:\/\/www.ulsguarda.min-saude.pt\/?p=5534"},"modified":"2017-01-23T11:19:34","modified_gmt":"2017-01-23T11:19:34","slug":"sessao-aberta-vamos-falar-de-cancro3-de-fevereiro-2017","status":"publish","type":"post","link":"https:\/\/portaisuls-qua.azurewebsites.net\/ulsg\/noticias\/sessao-aberta-vamos-falar-de-cancro3-de-fevereiro-2017\/","title":{"rendered":"SESS\u00c3O ABERTA: VAMOS FALAR DE CANCRO! | 3 DE FEVEREIRO 2017"},"content":{"rendered":"<p>O diagn\u00f3stico de cancro implica um conjunto de d\u00favidas, mitos e receios, causando, frequentemente, desajustes emocionais que levam ao sofrimento do doente e dos membros da sua fam\u00edlia. Contribuindo para que estes possam melhorar o seu conhecimento sobre a doen\u00e7a e sobre a melhor forma de gerirem a sua vida, as suas emo\u00e7\u00f5es e o seu comportamento, favorecemos uma melhor ades\u00e3o aos tratamentos, melhores resultados cl\u00ednicos, bem como a redu\u00e7\u00e3o da ansiedade e das incertezas (dos doentes e seus familiares), permitindo a identificando e o atendimento \u00e0s suas necessidades cl\u00ednicas e psicossociais \u00fanicas.<\/p>\n<p>Neste sentido, o Departamento de Medicina \u2013 Unidade de Oncologia e o Servi\u00e7o de Psicologia Cl\u00ednica ir\u00e3o dinamizar uma <strong>Sess\u00e3o Aberta<\/strong> intitulada: <em><u>\u201cVamos<\/u> <u>falar de Cancro!\u201d<\/u><\/em>, conduzida por v\u00e1rios profissionais de sa\u00fade, como forma de assinalar a comemora\u00e7\u00e3o do <strong>Dia Mundial do<\/strong> <strong>Cancro <\/strong>e, simultaneamente, divulgar os meios locais existentes para a assist\u00eancia e acompanhamento ao doente Oncol\u00f3gico. Esta Sess\u00e3o<strong> dirige-se<\/strong> <strong>a profissionais de sa\u00fade e \u00e0 Comunidade<\/strong>. Esta iniciativa decorrer\u00e1 no Hospital Sousa Martins \u2013 Audit\u00f3rio Dr. Lopo de Carvalho, na data prevista de 03\/02\/2017, \u00e0s 12h00 (com a dura\u00e7\u00e3o aproximada de uma hora).<\/p>\n<p>Os interessados dever\u00e3o efetuar a sua inscri\u00e7\u00e3o, gratuita, at\u00e9 dia 01\/02\/2017, atrav\u00e9s do n\u00famero de telefone 271200372 (Servi\u00e7o de Psicologia Cl\u00ednica), ou atrav\u00e9s do e-mail: <a href=\"mailto:sofia.coutinho@ulsguarda.min-saude.pt\">sofia.coutinho@ulsguarda.min-saude.pt<\/a>, indicando o nome, e o respetivo contacto.<\/p>\n","protected":false},"excerpt":{"rendered":"<p>O diagn\u00f3stico de cancro implica um conjunto de d\u00favidas, mitos e receios, causando, frequentemente, desajustes emocionais que levam ao sofrimento do doente e dos membros da sua fam\u00edlia. Contribuindo para que estes possam melhorar o seu conhecimento sobre a doen\u00e7a e sobre a melhor forma de gerirem a sua vida, as suas emo\u00e7\u00f5es e o [&hellip;]<\/p>\n","protected":false},"author":46,"featured_media":5535,"comment_status":"open","ping_status":"open","sticky":false,"template":"","format":"standard","meta":{"footnotes":""},"categories":[8],"tags":[],"class_list":["post-5534","post","type-post","status-publish","format-standard","has-post-thumbnail","hentry","category-noticias"],"_links":{"self":[{"href":"https:\/\/portaisuls-qua.azurewebsites.net\/ulsg\/wp-json\/wp\/v2\/posts\/5534","targetHints":{"allow":["GET"]}}],"collection":[{"href":"https:\/\/portaisuls-qua.azurewebsites.net\/ulsg\/wp-json\/wp\/v2\/posts"}],"about":[{"href":"https:\/\/portaisuls-qua.azurewebsites.net\/ulsg\/wp-json\/wp\/v2\/types\/post"}],"author":[{"embeddable":true,"href":"https:\/\/portaisuls-qua.azurewebsites.net\/ulsg\/wp-json\/wp\/v2\/users\/46"}],"replies":[{"embeddable":true,"href":"https:\/\/portaisuls-qua.azurewebsites.net\/ulsg\/wp-json\/wp\/v2\/comments?post=5534"}],"version-history":[{"count":2,"href":"https:\/\/portaisuls-qua.azurewebsites.net\/ulsg\/wp-json\/wp\/v2\/posts\/5534\/revisions"}],"predecessor-version":[{"id":5540,"href":"https:\/\/portaisuls-qua.azurewebsites.net\/ulsg\/wp-json\/wp\/v2\/posts\/5534\/revisions\/5540"}],"wp:featuredmedia":[{"embeddable":true,"href":"https:\/\/portaisuls-qua.azurewebsites.net\/ulsg\/wp-json\/wp\/v2\/media\/5535"}],"wp:attachment":[{"href":"https:\/\/portaisuls-qua.azurewebsites.net\/ulsg\/wp-json\/wp\/v2\/media?parent=5534"}],"wp:term":[{"taxonomy":"category","embeddable":true,"href":"https:\/\/portaisuls-qua.azurewebsites.net\/ulsg\/wp-json\/wp\/v2\/categories?post=5534"},{"taxonomy":"post_tag","embeddable":true,"href":"https:\/\/portaisuls-qua.azurewebsites.net\/ulsg\/wp-json\/wp\/v2\/tags?post=5534"}],"curies":[{"name":"wp","href":"https:\/\/api.w.org\/{rel}","templated":true}]}}