{"id":5572,"date":"2017-01-27T17:56:25","date_gmt":"2017-01-27T17:56:25","guid":{"rendered":"http:\/\/www.ulsguarda.min-saude.pt\/?p=5572"},"modified":"2017-01-27T17:57:34","modified_gmt":"2017-01-27T17:57:34","slug":"os-directores-das-ucsp-e-conselho-de-administracao-da-uls-reuniram-esta-quarta-feira-em-figueira-de-castelo-rodrigo","status":"publish","type":"post","link":"https:\/\/portaisuls-qua.azurewebsites.net\/ulsg\/noticias\/os-directores-das-ucsp-e-conselho-de-administracao-da-uls-reuniram-esta-quarta-feira-em-figueira-de-castelo-rodrigo\/","title":{"rendered":"OS DIRECTORES DAS UCSP E O CONSELHO DE ADMINISTRA\u00c7\u00c3O DA ULS REUNIRAM ESTA QUARTA-FEIRA EM FIGUEIRA DE CASTELO RODRIGO"},"content":{"rendered":"<p>A habitual reuni\u00e3o mensal do Conselho de Administra\u00e7\u00e3o com os Diretores das Unidades de Cuidados de Sa\u00fade Personalizados realizou-se na passada quarta-feira. Os trabalhos decorreram desta vez nas instala\u00e7\u00f5es do Centro de Sa\u00fade de Figueira de Castelo Rodrigo.<\/p>\n","protected":false},"excerpt":{"rendered":"<p>A habitual reuni\u00e3o mensal do Conselho de Administra\u00e7\u00e3o com os Diretores das Unidades de Cuidados de Sa\u00fade Personalizados realizou-se na passada quarta-feira. Os trabalhos decorreram desta vez nas instala\u00e7\u00f5es do Centro de Sa\u00fade de Figueira de Castelo Rodrigo.<\/p>\n","protected":false},"author":46,"featured_media":5573,"comment_status":"open","ping_status":"open","sticky":false,"template":"","format":"standard","meta":{"footnotes":""},"categories":[8],"tags":[],"class_list":["post-5572","post","type-post","status-publish","format-standard","has-post-thumbnail","hentry","category-noticias"],"_links":{"self":[{"href":"https:\/\/portaisuls-qua.azurewebsites.net\/ulsg\/wp-json\/wp\/v2\/posts\/5572","targetHints":{"allow":["GET"]}}],"collection":[{"href":"https:\/\/portaisuls-qua.azurewebsites.net\/ulsg\/wp-json\/wp\/v2\/posts"}],"about":[{"href":"https:\/\/portaisuls-qua.azurewebsites.net\/ulsg\/wp-json\/wp\/v2\/types\/post"}],"author":[{"embeddable":true,"href":"https:\/\/portaisuls-qua.azurewebsites.net\/ulsg\/wp-json\/wp\/v2\/users\/46"}],"replies":[{"embeddable":true,"href":"https:\/\/portaisuls-qua.azurewebsites.net\/ulsg\/wp-json\/wp\/v2\/comments?post=5572"}],"version-history":[{"count":2,"href":"https:\/\/portaisuls-qua.azurewebsites.net\/ulsg\/wp-json\/wp\/v2\/posts\/5572\/revisions"}],"predecessor-version":[{"id":5575,"href":"https:\/\/portaisuls-qua.azurewebsites.net\/ulsg\/wp-json\/wp\/v2\/posts\/5572\/revisions\/5575"}],"wp:featuredmedia":[{"embeddable":true,"href":"https:\/\/portaisuls-qua.azurewebsites.net\/ulsg\/wp-json\/wp\/v2\/media\/5573"}],"wp:attachment":[{"href":"https:\/\/portaisuls-qua.azurewebsites.net\/ulsg\/wp-json\/wp\/v2\/media?parent=5572"}],"wp:term":[{"taxonomy":"category","embeddable":true,"href":"https:\/\/portaisuls-qua.azurewebsites.net\/ulsg\/wp-json\/wp\/v2\/categories?post=5572"},{"taxonomy":"post_tag","embeddable":true,"href":"https:\/\/portaisuls-qua.azurewebsites.net\/ulsg\/wp-json\/wp\/v2\/tags?post=5572"}],"curies":[{"name":"wp","href":"https:\/\/api.w.org\/{rel}","templated":true}]}}