{"id":5576,"date":"2017-01-28T18:06:38","date_gmt":"2017-01-28T18:06:38","guid":{"rendered":"http:\/\/www.ulsguarda.min-saude.pt\/?p=5576"},"modified":"2017-01-28T18:07:11","modified_gmt":"2017-01-28T18:07:11","slug":"forum-de-saude-mental-a-importancia-da-familia","status":"publish","type":"post","link":"https:\/\/portaisuls-qua.azurewebsites.net\/ulsg\/noticias\/forum-de-saude-mental-a-importancia-da-familia\/","title":{"rendered":"F\u00d3RUM DE SA\u00daDE MENTAL: A IMPORT\u00c2NCIA DA FAM\u00cdLIA"},"content":{"rendered":"<p>A import\u00e2ncia da fam\u00edlia na sa\u00fade mental foi o tema\u00a0 que dominou as conversas este s\u00e1bado na cidade de M\u00eada. Uma iniciativa que partiu das enfermeiras L\u00facia Casimiro, Marisa Coelho e da Unidade de Cuidados Sa\u00fade Personalizados de M\u00eada.<\/p>\n<p>O F\u00f3rum que contou com o apoio da C\u00e2mara Municipal de M\u00eada decorreu no Anfiteatro da Casa da Cultura.<\/p>\n","protected":false},"excerpt":{"rendered":"<p>A import\u00e2ncia da fam\u00edlia na sa\u00fade mental foi o tema\u00a0 que dominou as conversas este s\u00e1bado na cidade de M\u00eada. Uma iniciativa que partiu das enfermeiras L\u00facia Casimiro, Marisa Coelho e da Unidade de Cuidados Sa\u00fade Personalizados de M\u00eada. O F\u00f3rum que contou com o apoio da C\u00e2mara Municipal de M\u00eada decorreu no Anfiteatro da [&hellip;]<\/p>\n","protected":false},"author":46,"featured_media":5577,"comment_status":"open","ping_status":"open","sticky":false,"template":"","format":"standard","meta":{"footnotes":""},"categories":[8],"tags":[],"class_list":["post-5576","post","type-post","status-publish","format-standard","has-post-thumbnail","hentry","category-noticias"],"_links":{"self":[{"href":"https:\/\/portaisuls-qua.azurewebsites.net\/ulsg\/wp-json\/wp\/v2\/posts\/5576","targetHints":{"allow":["GET"]}}],"collection":[{"href":"https:\/\/portaisuls-qua.azurewebsites.net\/ulsg\/wp-json\/wp\/v2\/posts"}],"about":[{"href":"https:\/\/portaisuls-qua.azurewebsites.net\/ulsg\/wp-json\/wp\/v2\/types\/post"}],"author":[{"embeddable":true,"href":"https:\/\/portaisuls-qua.azurewebsites.net\/ulsg\/wp-json\/wp\/v2\/users\/46"}],"replies":[{"embeddable":true,"href":"https:\/\/portaisuls-qua.azurewebsites.net\/ulsg\/wp-json\/wp\/v2\/comments?post=5576"}],"version-history":[{"count":1,"href":"https:\/\/portaisuls-qua.azurewebsites.net\/ulsg\/wp-json\/wp\/v2\/posts\/5576\/revisions"}],"predecessor-version":[{"id":5578,"href":"https:\/\/portaisuls-qua.azurewebsites.net\/ulsg\/wp-json\/wp\/v2\/posts\/5576\/revisions\/5578"}],"wp:featuredmedia":[{"embeddable":true,"href":"https:\/\/portaisuls-qua.azurewebsites.net\/ulsg\/wp-json\/wp\/v2\/media\/5577"}],"wp:attachment":[{"href":"https:\/\/portaisuls-qua.azurewebsites.net\/ulsg\/wp-json\/wp\/v2\/media?parent=5576"}],"wp:term":[{"taxonomy":"category","embeddable":true,"href":"https:\/\/portaisuls-qua.azurewebsites.net\/ulsg\/wp-json\/wp\/v2\/categories?post=5576"},{"taxonomy":"post_tag","embeddable":true,"href":"https:\/\/portaisuls-qua.azurewebsites.net\/ulsg\/wp-json\/wp\/v2\/tags?post=5576"}],"curies":[{"name":"wp","href":"https:\/\/api.w.org\/{rel}","templated":true}]}}