{"id":5591,"date":"2017-02-01T17:52:15","date_gmt":"2017-02-01T17:52:15","guid":{"rendered":"http:\/\/www.ulsguarda.min-saude.pt\/?p=5591"},"modified":"2017-02-02T14:16:49","modified_gmt":"2017-02-02T14:16:49","slug":"uls-da-guarda-reforca-a-equipa-medica-em-figueira-de-castelo-rodrigo","status":"publish","type":"post","link":"https:\/\/portaisuls-qua.azurewebsites.net\/ulsg\/noticias\/uls-da-guarda-reforca-a-equipa-medica-em-figueira-de-castelo-rodrigo\/","title":{"rendered":"ULS da Guarda refor\u00e7a a equipa m\u00e9dica em Figueira de Castelo Rodrigo"},"content":{"rendered":"<p>Numa pol\u00edtica de refor\u00e7o e consolida\u00e7\u00e3o dos Servi\u00e7os de Sa\u00fade da ULS da Guarda, particularmente da Unidade de Cuidados de Sa\u00fade Personalizados de Figueira de Castelo Rodrigo, o Conselho de Administra\u00e7\u00e3o acaba de colocar naquela unidade, um m\u00e9dico da carreira de Medicina Geral e Familiar. Este m\u00e9dico que j\u00e1 se encontrava ao servi\u00e7o da ULS, noutro concelho, aceitou fixar-se em Figueira de Castelo Rodrigo.<\/p>\n<p>Assim, o Centro de Sa\u00fade de Figueira de Castelo Rodrigo passa a dispor de tr\u00eas m\u00e9dicos de carreira a tempo inteiro e ainda um contratado a tempo parcial , cobrindo o r\u00e1cios de assist\u00eancia populacional.<\/p>\n","protected":false},"excerpt":{"rendered":"<p>Numa pol\u00edtica de refor\u00e7o e consolida\u00e7\u00e3o dos Servi\u00e7os de Sa\u00fade da ULS da Guarda, particularmente da Unidade de Cuidados de Sa\u00fade Personalizados de Figueira de Castelo Rodrigo, o Conselho de Administra\u00e7\u00e3o acaba de colocar naquela unidade, um m\u00e9dico da carreira de Medicina Geral e Familiar. Este m\u00e9dico que j\u00e1 se encontrava ao servi\u00e7o da ULS, [&hellip;]<\/p>\n","protected":false},"author":46,"featured_media":5592,"comment_status":"open","ping_status":"open","sticky":false,"template":"","format":"standard","meta":{"footnotes":""},"categories":[8],"tags":[],"class_list":["post-5591","post","type-post","status-publish","format-standard","has-post-thumbnail","hentry","category-noticias"],"_links":{"self":[{"href":"https:\/\/portaisuls-qua.azurewebsites.net\/ulsg\/wp-json\/wp\/v2\/posts\/5591","targetHints":{"allow":["GET"]}}],"collection":[{"href":"https:\/\/portaisuls-qua.azurewebsites.net\/ulsg\/wp-json\/wp\/v2\/posts"}],"about":[{"href":"https:\/\/portaisuls-qua.azurewebsites.net\/ulsg\/wp-json\/wp\/v2\/types\/post"}],"author":[{"embeddable":true,"href":"https:\/\/portaisuls-qua.azurewebsites.net\/ulsg\/wp-json\/wp\/v2\/users\/46"}],"replies":[{"embeddable":true,"href":"https:\/\/portaisuls-qua.azurewebsites.net\/ulsg\/wp-json\/wp\/v2\/comments?post=5591"}],"version-history":[{"count":1,"href":"https:\/\/portaisuls-qua.azurewebsites.net\/ulsg\/wp-json\/wp\/v2\/posts\/5591\/revisions"}],"predecessor-version":[{"id":5593,"href":"https:\/\/portaisuls-qua.azurewebsites.net\/ulsg\/wp-json\/wp\/v2\/posts\/5591\/revisions\/5593"}],"wp:featuredmedia":[{"embeddable":true,"href":"https:\/\/portaisuls-qua.azurewebsites.net\/ulsg\/wp-json\/wp\/v2\/media\/5592"}],"wp:attachment":[{"href":"https:\/\/portaisuls-qua.azurewebsites.net\/ulsg\/wp-json\/wp\/v2\/media?parent=5591"}],"wp:term":[{"taxonomy":"category","embeddable":true,"href":"https:\/\/portaisuls-qua.azurewebsites.net\/ulsg\/wp-json\/wp\/v2\/categories?post=5591"},{"taxonomy":"post_tag","embeddable":true,"href":"https:\/\/portaisuls-qua.azurewebsites.net\/ulsg\/wp-json\/wp\/v2\/tags?post=5591"}],"curies":[{"name":"wp","href":"https:\/\/api.w.org\/{rel}","templated":true}]}}