{"id":5604,"date":"2017-02-03T17:33:54","date_gmt":"2017-02-03T17:33:54","guid":{"rendered":"http:\/\/www.ulsguarda.min-saude.pt\/?p=5604"},"modified":"2017-02-03T17:34:33","modified_gmt":"2017-02-03T17:34:33","slug":"sessao-aberta-vamos-falar-de-cancro","status":"publish","type":"post","link":"https:\/\/portaisuls-qua.azurewebsites.net\/ulsg\/noticias\/sessao-aberta-vamos-falar-de-cancro\/","title":{"rendered":"Sess\u00e3o aberta: Vamos falar de cancro!"},"content":{"rendered":"<p>O Departamento de Medicina \u2013 Unidade de Oncologia e o Servi\u00e7o de Psicologia Cl\u00ednica da ULS da Guarda organizaram esta manh\u00e3 no Audit\u00f3rio dr. Lopo de Carvalho, uma Sess\u00e3o Aberta intitulada: \u201cVamos falar de Cancro!\u201d, conduzida por v\u00e1rios profissionais de sa\u00fade. A iniciativa teve como objetivo assinalar o Dia Mundial do Cancro e, simultaneamente, divulgar os meios locais existentes para a assist\u00eancia e acompanhamento ao doente Oncol\u00f3gico.<\/p>\n<p>Esta atividade contou tamb\u00e9m com a preciosa participa\u00e7\u00e3o da equipa de volunt\u00e1rias do\u00a0Movimento Vencer e Viver.<\/p>\n","protected":false},"excerpt":{"rendered":"<p>O Departamento de Medicina \u2013 Unidade de Oncologia e o Servi\u00e7o de Psicologia Cl\u00ednica da ULS da Guarda organizaram esta manh\u00e3 no Audit\u00f3rio dr. Lopo de Carvalho, uma Sess\u00e3o Aberta intitulada: \u201cVamos falar de Cancro!\u201d, conduzida por v\u00e1rios profissionais de sa\u00fade. A iniciativa teve como objetivo assinalar o Dia Mundial do Cancro e, simultaneamente, divulgar [&hellip;]<\/p>\n","protected":false},"author":46,"featured_media":5605,"comment_status":"open","ping_status":"open","sticky":false,"template":"","format":"standard","meta":{"footnotes":""},"categories":[8],"tags":[],"class_list":["post-5604","post","type-post","status-publish","format-standard","has-post-thumbnail","hentry","category-noticias"],"_links":{"self":[{"href":"https:\/\/portaisuls-qua.azurewebsites.net\/ulsg\/wp-json\/wp\/v2\/posts\/5604","targetHints":{"allow":["GET"]}}],"collection":[{"href":"https:\/\/portaisuls-qua.azurewebsites.net\/ulsg\/wp-json\/wp\/v2\/posts"}],"about":[{"href":"https:\/\/portaisuls-qua.azurewebsites.net\/ulsg\/wp-json\/wp\/v2\/types\/post"}],"author":[{"embeddable":true,"href":"https:\/\/portaisuls-qua.azurewebsites.net\/ulsg\/wp-json\/wp\/v2\/users\/46"}],"replies":[{"embeddable":true,"href":"https:\/\/portaisuls-qua.azurewebsites.net\/ulsg\/wp-json\/wp\/v2\/comments?post=5604"}],"version-history":[{"count":1,"href":"https:\/\/portaisuls-qua.azurewebsites.net\/ulsg\/wp-json\/wp\/v2\/posts\/5604\/revisions"}],"predecessor-version":[{"id":5606,"href":"https:\/\/portaisuls-qua.azurewebsites.net\/ulsg\/wp-json\/wp\/v2\/posts\/5604\/revisions\/5606"}],"wp:featuredmedia":[{"embeddable":true,"href":"https:\/\/portaisuls-qua.azurewebsites.net\/ulsg\/wp-json\/wp\/v2\/media\/5605"}],"wp:attachment":[{"href":"https:\/\/portaisuls-qua.azurewebsites.net\/ulsg\/wp-json\/wp\/v2\/media?parent=5604"}],"wp:term":[{"taxonomy":"category","embeddable":true,"href":"https:\/\/portaisuls-qua.azurewebsites.net\/ulsg\/wp-json\/wp\/v2\/categories?post=5604"},{"taxonomy":"post_tag","embeddable":true,"href":"https:\/\/portaisuls-qua.azurewebsites.net\/ulsg\/wp-json\/wp\/v2\/tags?post=5604"}],"curies":[{"name":"wp","href":"https:\/\/api.w.org\/{rel}","templated":true}]}}