{"id":5642,"date":"2017-02-06T22:46:58","date_gmt":"2017-02-06T22:46:58","guid":{"rendered":"http:\/\/www.ulsguarda.min-saude.pt\/?p=5642"},"modified":"2017-02-07T10:03:23","modified_gmt":"2017-02-07T10:03:23","slug":"projeto-cadeirinha-adequada-viagem-descansada","status":"publish","type":"post","link":"https:\/\/portaisuls-qua.azurewebsites.net\/ulsg\/noticias\/projeto-cadeirinha-adequada-viagem-descansada\/","title":{"rendered":"PROJETO \u201cCADEIRINHA ADEQUADA, VIAGEM DESCANSADA\u201d"},"content":{"rendered":"<p><span style=\"color: black;font-family: 'Trebuchet MS','sans-serif'\">No \u00e2mbito do Programa Nacional de Preven\u00e7\u00e3o de Acidentes, Projeto \u201cCadeirinha Adequada, Viagem Descansada\u201d realizou-se esta segunda-feira no HSM, uma forma\u00e7\u00e3o que teve como <\/span><span style=\"font-family: 'Trebuchet MS','sans-serif'\"><span style=\"color: #000000\"><span style=\"color: #000000;font-family: Calibri\">destinat\u00e1rios os elementos das equipas locais de preven\u00e7\u00e3o.<\/span><\/span><\/span><\/p>\n<p><span style=\"color: black;font-family: 'Trebuchet MS','sans-serif'\">Durante a manh\u00e3 decorreu a sess\u00e3o te\u00f3rica na sala Dr. Sousa Martins, \u00e0 tarde houve a componente pr\u00e1tica da forma\u00e7\u00e3o orientada pelos formadores Dra. Benilde Mendes,\u00a0Enf. J\u00f3 Andrade e Fisioterapeuta Sophie Jacob.<\/span><\/p>\n<p>&nbsp;<\/p>\n","protected":false},"excerpt":{"rendered":"<p>No \u00e2mbito do Programa Nacional de Preven\u00e7\u00e3o de Acidentes, Projeto \u201cCadeirinha Adequada, Viagem Descansada\u201d realizou-se esta segunda-feira no HSM, uma forma\u00e7\u00e3o que teve como destinat\u00e1rios os elementos das equipas locais de preven\u00e7\u00e3o. Durante a manh\u00e3 decorreu a sess\u00e3o te\u00f3rica na sala Dr. Sousa Martins, \u00e0 tarde houve a componente pr\u00e1tica da forma\u00e7\u00e3o orientada pelos formadores [&hellip;]<\/p>\n","protected":false},"author":46,"featured_media":5650,"comment_status":"open","ping_status":"open","sticky":false,"template":"","format":"standard","meta":{"footnotes":""},"categories":[8],"tags":[],"class_list":["post-5642","post","type-post","status-publish","format-standard","has-post-thumbnail","hentry","category-noticias"],"_links":{"self":[{"href":"https:\/\/portaisuls-qua.azurewebsites.net\/ulsg\/wp-json\/wp\/v2\/posts\/5642","targetHints":{"allow":["GET"]}}],"collection":[{"href":"https:\/\/portaisuls-qua.azurewebsites.net\/ulsg\/wp-json\/wp\/v2\/posts"}],"about":[{"href":"https:\/\/portaisuls-qua.azurewebsites.net\/ulsg\/wp-json\/wp\/v2\/types\/post"}],"author":[{"embeddable":true,"href":"https:\/\/portaisuls-qua.azurewebsites.net\/ulsg\/wp-json\/wp\/v2\/users\/46"}],"replies":[{"embeddable":true,"href":"https:\/\/portaisuls-qua.azurewebsites.net\/ulsg\/wp-json\/wp\/v2\/comments?post=5642"}],"version-history":[{"count":2,"href":"https:\/\/portaisuls-qua.azurewebsites.net\/ulsg\/wp-json\/wp\/v2\/posts\/5642\/revisions"}],"predecessor-version":[{"id":5645,"href":"https:\/\/portaisuls-qua.azurewebsites.net\/ulsg\/wp-json\/wp\/v2\/posts\/5642\/revisions\/5645"}],"wp:featuredmedia":[{"embeddable":true,"href":"https:\/\/portaisuls-qua.azurewebsites.net\/ulsg\/wp-json\/wp\/v2\/media\/5650"}],"wp:attachment":[{"href":"https:\/\/portaisuls-qua.azurewebsites.net\/ulsg\/wp-json\/wp\/v2\/media?parent=5642"}],"wp:term":[{"taxonomy":"category","embeddable":true,"href":"https:\/\/portaisuls-qua.azurewebsites.net\/ulsg\/wp-json\/wp\/v2\/categories?post=5642"},{"taxonomy":"post_tag","embeddable":true,"href":"https:\/\/portaisuls-qua.azurewebsites.net\/ulsg\/wp-json\/wp\/v2\/tags?post=5642"}],"curies":[{"name":"wp","href":"https:\/\/api.w.org\/{rel}","templated":true}]}}