{"id":5676,"date":"2017-02-13T17:50:54","date_gmt":"2017-02-13T17:50:54","guid":{"rendered":"http:\/\/www.ulsguarda.min-saude.pt\/?p=5676"},"modified":"2017-02-13T20:15:22","modified_gmt":"2017-02-13T20:15:22","slug":"comitiva-da-cdu-visitou-reuniu-com-a-administracao-da-uls","status":"publish","type":"post","link":"https:\/\/portaisuls-qua.azurewebsites.net\/ulsg\/noticias\/comitiva-da-cdu-visitou-reuniu-com-a-administracao-da-uls\/","title":{"rendered":"ADMINISTRA\u00c7\u00c3O DA ULS REUNIU COM COMITIVA DA CDU"},"content":{"rendered":"<p>O Conselho de Administra\u00e7\u00e3o da ULS da Guarda recebeu esta tarde o Deputado da CDU Miguel Tiago, respons\u00e1vel pelo Circulo Eleitoral da Guarda. O deputado acompanhado pelos dirigentes \u00a0locais da CDU, reuniu com o Conselho de Administra\u00e7\u00e3o da ULS.<\/p>\n<p>O encontro serviu para os comunistas trocarem impress\u00f5es com o Conselho de Administra\u00e7\u00e3o sobre o quadro atual e perspetivas futuras da Unidade Local de Sa\u00fade da Guarda.<\/p>\n","protected":false},"excerpt":{"rendered":"<p>O Conselho de Administra\u00e7\u00e3o da ULS da Guarda recebeu esta tarde o Deputado da CDU Miguel Tiago, respons\u00e1vel pelo Circulo Eleitoral da Guarda. O deputado acompanhado pelos dirigentes \u00a0locais da CDU, reuniu com o Conselho de Administra\u00e7\u00e3o da ULS. O encontro serviu para os comunistas trocarem impress\u00f5es com o Conselho de Administra\u00e7\u00e3o sobre o quadro [&hellip;]<\/p>\n","protected":false},"author":46,"featured_media":5677,"comment_status":"open","ping_status":"open","sticky":false,"template":"","format":"standard","meta":{"footnotes":""},"categories":[8],"tags":[],"class_list":["post-5676","post","type-post","status-publish","format-standard","has-post-thumbnail","hentry","category-noticias"],"_links":{"self":[{"href":"https:\/\/portaisuls-qua.azurewebsites.net\/ulsg\/wp-json\/wp\/v2\/posts\/5676","targetHints":{"allow":["GET"]}}],"collection":[{"href":"https:\/\/portaisuls-qua.azurewebsites.net\/ulsg\/wp-json\/wp\/v2\/posts"}],"about":[{"href":"https:\/\/portaisuls-qua.azurewebsites.net\/ulsg\/wp-json\/wp\/v2\/types\/post"}],"author":[{"embeddable":true,"href":"https:\/\/portaisuls-qua.azurewebsites.net\/ulsg\/wp-json\/wp\/v2\/users\/46"}],"replies":[{"embeddable":true,"href":"https:\/\/portaisuls-qua.azurewebsites.net\/ulsg\/wp-json\/wp\/v2\/comments?post=5676"}],"version-history":[{"count":2,"href":"https:\/\/portaisuls-qua.azurewebsites.net\/ulsg\/wp-json\/wp\/v2\/posts\/5676\/revisions"}],"predecessor-version":[{"id":5679,"href":"https:\/\/portaisuls-qua.azurewebsites.net\/ulsg\/wp-json\/wp\/v2\/posts\/5676\/revisions\/5679"}],"wp:featuredmedia":[{"embeddable":true,"href":"https:\/\/portaisuls-qua.azurewebsites.net\/ulsg\/wp-json\/wp\/v2\/media\/5677"}],"wp:attachment":[{"href":"https:\/\/portaisuls-qua.azurewebsites.net\/ulsg\/wp-json\/wp\/v2\/media?parent=5676"}],"wp:term":[{"taxonomy":"category","embeddable":true,"href":"https:\/\/portaisuls-qua.azurewebsites.net\/ulsg\/wp-json\/wp\/v2\/categories?post=5676"},{"taxonomy":"post_tag","embeddable":true,"href":"https:\/\/portaisuls-qua.azurewebsites.net\/ulsg\/wp-json\/wp\/v2\/tags?post=5676"}],"curies":[{"name":"wp","href":"https:\/\/api.w.org\/{rel}","templated":true}]}}