{"id":5680,"date":"2017-02-13T20:17:44","date_gmt":"2017-02-13T20:17:44","guid":{"rendered":"http:\/\/www.ulsguarda.min-saude.pt\/?p=5680"},"modified":"2017-02-13T21:20:33","modified_gmt":"2017-02-13T21:20:33","slug":"o-bullying-foi-o-tema-de-sessao-de-esclarecimento-na-escola-afonso-de-albuquerque","status":"publish","type":"post","link":"https:\/\/portaisuls-qua.azurewebsites.net\/ulsg\/noticias\/o-bullying-foi-o-tema-de-sessao-de-esclarecimento-na-escola-afonso-de-albuquerque\/","title":{"rendered":"O BULLYING FOI O TEMA DA SESS\u00c3O DE ESCLARECIMENTO NA ESCOLA AFONSO DE ALBUQUERQUE"},"content":{"rendered":"<p>O Departamento da Sa\u00fade da Crian\u00e7a e da Mulher da ULS da Guarda promoveu esta segunda-feira uma sess\u00e3o de esclarecimento sobre bullying na Escola Secund\u00e1ria Afonso de Albuquerque. O m\u00e9dico Pedro Fernandes e a enfermeira Carla Sanches orientaram esta a\u00e7\u00e3o de sensibiliza\u00e7\u00e3o destinada a alunos do\u00a0 8.ano.<\/p>\n","protected":false},"excerpt":{"rendered":"<p>O Departamento da Sa\u00fade da Crian\u00e7a e da Mulher da ULS da Guarda promoveu esta segunda-feira uma sess\u00e3o de esclarecimento sobre bullying na Escola Secund\u00e1ria Afonso de Albuquerque. O m\u00e9dico Pedro Fernandes e a enfermeira Carla Sanches orientaram esta a\u00e7\u00e3o de sensibiliza\u00e7\u00e3o destinada a alunos do\u00a0 8.ano.<\/p>\n","protected":false},"author":46,"featured_media":5681,"comment_status":"open","ping_status":"open","sticky":false,"template":"","format":"standard","meta":{"footnotes":""},"categories":[8],"tags":[],"class_list":["post-5680","post","type-post","status-publish","format-standard","has-post-thumbnail","hentry","category-noticias"],"_links":{"self":[{"href":"https:\/\/portaisuls-qua.azurewebsites.net\/ulsg\/wp-json\/wp\/v2\/posts\/5680","targetHints":{"allow":["GET"]}}],"collection":[{"href":"https:\/\/portaisuls-qua.azurewebsites.net\/ulsg\/wp-json\/wp\/v2\/posts"}],"about":[{"href":"https:\/\/portaisuls-qua.azurewebsites.net\/ulsg\/wp-json\/wp\/v2\/types\/post"}],"author":[{"embeddable":true,"href":"https:\/\/portaisuls-qua.azurewebsites.net\/ulsg\/wp-json\/wp\/v2\/users\/46"}],"replies":[{"embeddable":true,"href":"https:\/\/portaisuls-qua.azurewebsites.net\/ulsg\/wp-json\/wp\/v2\/comments?post=5680"}],"version-history":[{"count":2,"href":"https:\/\/portaisuls-qua.azurewebsites.net\/ulsg\/wp-json\/wp\/v2\/posts\/5680\/revisions"}],"predecessor-version":[{"id":5683,"href":"https:\/\/portaisuls-qua.azurewebsites.net\/ulsg\/wp-json\/wp\/v2\/posts\/5680\/revisions\/5683"}],"wp:featuredmedia":[{"embeddable":true,"href":"https:\/\/portaisuls-qua.azurewebsites.net\/ulsg\/wp-json\/wp\/v2\/media\/5681"}],"wp:attachment":[{"href":"https:\/\/portaisuls-qua.azurewebsites.net\/ulsg\/wp-json\/wp\/v2\/media?parent=5680"}],"wp:term":[{"taxonomy":"category","embeddable":true,"href":"https:\/\/portaisuls-qua.azurewebsites.net\/ulsg\/wp-json\/wp\/v2\/categories?post=5680"},{"taxonomy":"post_tag","embeddable":true,"href":"https:\/\/portaisuls-qua.azurewebsites.net\/ulsg\/wp-json\/wp\/v2\/tags?post=5680"}],"curies":[{"name":"wp","href":"https:\/\/api.w.org\/{rel}","templated":true}]}}