{"id":5704,"date":"2017-02-15T20:22:00","date_gmt":"2017-02-15T20:22:00","guid":{"rendered":"http:\/\/www.ulsguarda.min-saude.pt\/?p=5704"},"modified":"2017-02-15T20:22:24","modified_gmt":"2017-02-15T20:22:24","slug":"dia-do-enfermeiro-perioperatorio-assinalou-se-no-hsm","status":"publish","type":"post","link":"https:\/\/portaisuls-qua.azurewebsites.net\/ulsg\/noticias\/dia-do-enfermeiro-perioperatorio-assinalou-se-no-hsm\/","title":{"rendered":"DIA DO ENFERMEIRO PERIOPERAT\u00d3RIO ASSINALOU-SE NO HSM"},"content":{"rendered":"<p>A ULS da Guarda associou-se \u00e0 comemora\u00e7\u00e3o do Dia do Enfermeiro Perioperat\u00f3rio com a visualiza\u00e7\u00e3o de um v\u00eddeo sobre <strong>Fumo Cir\u00fargico: um risco profissional<\/strong>, que foi apresentado esta quarta-feira no Servi\u00e7o Bloco Operat\u00f3rio Central.\u00a0 \u00a0\u00a0 O evento incluiu ainda o preenchimento de uns question\u00e1rios destinados aos enfermeiros das equipas do Bloco Operat\u00f3rio Central e Unidade de Cirurgia de Ambulat\u00f3rio e a apresenta\u00e7\u00e3o de um trabalho acad\u00e9mico por parte de quatro enfermeiros.<\/p>\n<p>Recorde-se que esta atividade serviu para assinalar o dia do Enfermeiro Perioperat\u00f3rio e este ano a Associa\u00e7\u00e3o Europeia dos Enfermeiros Perioperat\u00f3rios (EORNA) sugeriu iniciativas \u00e0 volta do tema fumo cir\u00fargico.<\/p>\n<p>O fumo cir\u00fargico \u00e9 o fumo produzido durante um ato cir\u00fargico aquando da utiliza\u00e7\u00e3o de eletrocirurgia e representa um risco qu\u00edmico e biol\u00f3gico por ter implica\u00e7\u00f5es consider\u00e1veis para a sa\u00fade e seguran\u00e7a de todos os envolvidos na pr\u00e1tica cir\u00fargica. A AESOP reconhece este risco e encoraja cada enfermeiro perioperat\u00f3rio a criar e manter um ambiente saud\u00e1vel para o doente cir\u00fargico e para os profissionais durante a cirurgia.<\/p>\n<p>&nbsp;<\/p>\n","protected":false},"excerpt":{"rendered":"<p>A ULS da Guarda associou-se \u00e0 comemora\u00e7\u00e3o do Dia do Enfermeiro Perioperat\u00f3rio com a visualiza\u00e7\u00e3o de um v\u00eddeo sobre Fumo Cir\u00fargico: um risco profissional, que foi apresentado esta quarta-feira no Servi\u00e7o Bloco Operat\u00f3rio Central.\u00a0 \u00a0\u00a0 O evento incluiu ainda o preenchimento de uns question\u00e1rios destinados aos enfermeiros das equipas do Bloco Operat\u00f3rio Central e Unidade [&hellip;]<\/p>\n","protected":false},"author":46,"featured_media":5705,"comment_status":"open","ping_status":"open","sticky":false,"template":"","format":"standard","meta":{"footnotes":""},"categories":[8],"tags":[],"class_list":["post-5704","post","type-post","status-publish","format-standard","has-post-thumbnail","hentry","category-noticias"],"_links":{"self":[{"href":"https:\/\/portaisuls-qua.azurewebsites.net\/ulsg\/wp-json\/wp\/v2\/posts\/5704","targetHints":{"allow":["GET"]}}],"collection":[{"href":"https:\/\/portaisuls-qua.azurewebsites.net\/ulsg\/wp-json\/wp\/v2\/posts"}],"about":[{"href":"https:\/\/portaisuls-qua.azurewebsites.net\/ulsg\/wp-json\/wp\/v2\/types\/post"}],"author":[{"embeddable":true,"href":"https:\/\/portaisuls-qua.azurewebsites.net\/ulsg\/wp-json\/wp\/v2\/users\/46"}],"replies":[{"embeddable":true,"href":"https:\/\/portaisuls-qua.azurewebsites.net\/ulsg\/wp-json\/wp\/v2\/comments?post=5704"}],"version-history":[{"count":1,"href":"https:\/\/portaisuls-qua.azurewebsites.net\/ulsg\/wp-json\/wp\/v2\/posts\/5704\/revisions"}],"predecessor-version":[{"id":5706,"href":"https:\/\/portaisuls-qua.azurewebsites.net\/ulsg\/wp-json\/wp\/v2\/posts\/5704\/revisions\/5706"}],"wp:featuredmedia":[{"embeddable":true,"href":"https:\/\/portaisuls-qua.azurewebsites.net\/ulsg\/wp-json\/wp\/v2\/media\/5705"}],"wp:attachment":[{"href":"https:\/\/portaisuls-qua.azurewebsites.net\/ulsg\/wp-json\/wp\/v2\/media?parent=5704"}],"wp:term":[{"taxonomy":"category","embeddable":true,"href":"https:\/\/portaisuls-qua.azurewebsites.net\/ulsg\/wp-json\/wp\/v2\/categories?post=5704"},{"taxonomy":"post_tag","embeddable":true,"href":"https:\/\/portaisuls-qua.azurewebsites.net\/ulsg\/wp-json\/wp\/v2\/tags?post=5704"}],"curies":[{"name":"wp","href":"https:\/\/api.w.org\/{rel}","templated":true}]}}