{"id":5718,"date":"2017-02-20T12:38:40","date_gmt":"2017-02-20T12:38:40","guid":{"rendered":"http:\/\/www.ulsguarda.min-saude.pt\/?p=5718"},"modified":"2017-02-20T12:42:06","modified_gmt":"2017-02-20T12:42:06","slug":"projeto-cadeirinha-adequada-viagem-descansada-2","status":"publish","type":"post","link":"https:\/\/portaisuls-qua.azurewebsites.net\/ulsg\/noticias\/projeto-cadeirinha-adequada-viagem-descansada-2\/","title":{"rendered":"PROJETO \u201cCADEIRINHA ADEQUADA, VIAGEM DESCANSADA\u201d"},"content":{"rendered":"<p>No \u00e2mbito do Programa Nacional de Preven\u00e7\u00e3o de Acidentes, Projeto \u201cCadeirinha Adequada, Viagem Descansada\u201d est\u00e1 a decorrer\u00a0esta segunda-feira no HSM, uma forma\u00e7\u00e3o que tem como destinat\u00e1rios os elementos das equipas locais de preven\u00e7\u00e3o de Seia, Gouveia, Manteigas e Sabugal.<\/p>\n<p>Durante a manh\u00e3 decorreu a sess\u00e3o te\u00f3rica na sala Dr. Sousa Martins, \u00e0 tarde ser\u00e1 levada a cabo a componente pr\u00e1tica da forma\u00e7\u00e3o orientada pelos formadores Dra. Benilde Mendes, Enf.\u00aa Adelaide Logarinho,\u00a0Enf. J\u00f3 Andrade e Fisioterapeuta Sophie Jacob.<\/p>\n","protected":false},"excerpt":{"rendered":"<p>No \u00e2mbito do Programa Nacional de Preven\u00e7\u00e3o de Acidentes, Projeto \u201cCadeirinha Adequada, Viagem Descansada\u201d est\u00e1 a decorrer\u00a0esta segunda-feira no HSM, uma forma\u00e7\u00e3o que tem como destinat\u00e1rios os elementos das equipas locais de preven\u00e7\u00e3o de Seia, Gouveia, Manteigas e Sabugal. Durante a manh\u00e3 decorreu a sess\u00e3o te\u00f3rica na sala Dr. Sousa Martins, \u00e0 tarde ser\u00e1 levada [&hellip;]<\/p>\n","protected":false},"author":46,"featured_media":5719,"comment_status":"open","ping_status":"open","sticky":false,"template":"","format":"standard","meta":{"footnotes":""},"categories":[8],"tags":[],"class_list":["post-5718","post","type-post","status-publish","format-standard","has-post-thumbnail","hentry","category-noticias"],"_links":{"self":[{"href":"https:\/\/portaisuls-qua.azurewebsites.net\/ulsg\/wp-json\/wp\/v2\/posts\/5718","targetHints":{"allow":["GET"]}}],"collection":[{"href":"https:\/\/portaisuls-qua.azurewebsites.net\/ulsg\/wp-json\/wp\/v2\/posts"}],"about":[{"href":"https:\/\/portaisuls-qua.azurewebsites.net\/ulsg\/wp-json\/wp\/v2\/types\/post"}],"author":[{"embeddable":true,"href":"https:\/\/portaisuls-qua.azurewebsites.net\/ulsg\/wp-json\/wp\/v2\/users\/46"}],"replies":[{"embeddable":true,"href":"https:\/\/portaisuls-qua.azurewebsites.net\/ulsg\/wp-json\/wp\/v2\/comments?post=5718"}],"version-history":[{"count":2,"href":"https:\/\/portaisuls-qua.azurewebsites.net\/ulsg\/wp-json\/wp\/v2\/posts\/5718\/revisions"}],"predecessor-version":[{"id":5721,"href":"https:\/\/portaisuls-qua.azurewebsites.net\/ulsg\/wp-json\/wp\/v2\/posts\/5718\/revisions\/5721"}],"wp:featuredmedia":[{"embeddable":true,"href":"https:\/\/portaisuls-qua.azurewebsites.net\/ulsg\/wp-json\/wp\/v2\/media\/5719"}],"wp:attachment":[{"href":"https:\/\/portaisuls-qua.azurewebsites.net\/ulsg\/wp-json\/wp\/v2\/media?parent=5718"}],"wp:term":[{"taxonomy":"category","embeddable":true,"href":"https:\/\/portaisuls-qua.azurewebsites.net\/ulsg\/wp-json\/wp\/v2\/categories?post=5718"},{"taxonomy":"post_tag","embeddable":true,"href":"https:\/\/portaisuls-qua.azurewebsites.net\/ulsg\/wp-json\/wp\/v2\/tags?post=5718"}],"curies":[{"name":"wp","href":"https:\/\/api.w.org\/{rel}","templated":true}]}}