{"id":5786,"date":"2017-03-03T12:31:39","date_gmt":"2017-03-03T12:31:39","guid":{"rendered":"http:\/\/www.ulsguarda.min-saude.pt\/?p=5786"},"modified":"2017-03-03T12:31:55","modified_gmt":"2017-03-03T12:31:55","slug":"acao-de-formacao-diabetes-na-escola-como-cuidar","status":"publish","type":"post","link":"https:\/\/portaisuls-qua.azurewebsites.net\/ulsg\/noticias\/acao-de-formacao-diabetes-na-escola-como-cuidar\/","title":{"rendered":"A\u00e7\u00e3o de Forma\u00e7\u00e3o \u201cDiabetes na Escola: como Cuidar\u201d"},"content":{"rendered":"<p>Decorreu no dia 1 de mar\u00e7o a <strong>A\u00e7\u00e3o de Forma\u00e7\u00e3o \u201cDiabetes na Escola: como Cuidar\u201d<\/strong>, das 10 \u00e0s 17h na Escola Secund\u00e1ria de Seia, destinada a Assistentes Operacionais, Professores e Pais\/Encarregados de Educa\u00e7\u00e3o.<\/p>\n<p>A A\u00e7\u00e3o foi dinamizada pela Equipa de Interven\u00e7\u00e3o no Tratamento e Controlo da Diabetes em Pediatria da ULS Guarda, EPE e organizada pela Unidade de Cuidados na Comunidade do Centro de Sa\u00fade de Seia.<\/p>\n<p>Esta A\u00e7\u00e3o foi um sucesso, tendo contado com a participa\u00e7\u00e3o de 57 elementos da Comunidade Educativa das v\u00e1rias Escolas de Seia e n\u00edveis de Ensino.<\/p>\n","protected":false},"excerpt":{"rendered":"<p>Decorreu no dia 1 de mar\u00e7o a A\u00e7\u00e3o de Forma\u00e7\u00e3o \u201cDiabetes na Escola: como Cuidar\u201d, das 10 \u00e0s 17h na Escola Secund\u00e1ria de Seia, destinada a Assistentes Operacionais, Professores e Pais\/Encarregados de Educa\u00e7\u00e3o. A A\u00e7\u00e3o foi dinamizada pela Equipa de Interven\u00e7\u00e3o no Tratamento e Controlo da Diabetes em Pediatria da ULS Guarda, EPE e organizada [&hellip;]<\/p>\n","protected":false},"author":46,"featured_media":5787,"comment_status":"open","ping_status":"open","sticky":false,"template":"","format":"standard","meta":{"footnotes":""},"categories":[8],"tags":[],"class_list":["post-5786","post","type-post","status-publish","format-standard","has-post-thumbnail","hentry","category-noticias"],"_links":{"self":[{"href":"https:\/\/portaisuls-qua.azurewebsites.net\/ulsg\/wp-json\/wp\/v2\/posts\/5786","targetHints":{"allow":["GET"]}}],"collection":[{"href":"https:\/\/portaisuls-qua.azurewebsites.net\/ulsg\/wp-json\/wp\/v2\/posts"}],"about":[{"href":"https:\/\/portaisuls-qua.azurewebsites.net\/ulsg\/wp-json\/wp\/v2\/types\/post"}],"author":[{"embeddable":true,"href":"https:\/\/portaisuls-qua.azurewebsites.net\/ulsg\/wp-json\/wp\/v2\/users\/46"}],"replies":[{"embeddable":true,"href":"https:\/\/portaisuls-qua.azurewebsites.net\/ulsg\/wp-json\/wp\/v2\/comments?post=5786"}],"version-history":[{"count":1,"href":"https:\/\/portaisuls-qua.azurewebsites.net\/ulsg\/wp-json\/wp\/v2\/posts\/5786\/revisions"}],"predecessor-version":[{"id":5788,"href":"https:\/\/portaisuls-qua.azurewebsites.net\/ulsg\/wp-json\/wp\/v2\/posts\/5786\/revisions\/5788"}],"wp:featuredmedia":[{"embeddable":true,"href":"https:\/\/portaisuls-qua.azurewebsites.net\/ulsg\/wp-json\/wp\/v2\/media\/5787"}],"wp:attachment":[{"href":"https:\/\/portaisuls-qua.azurewebsites.net\/ulsg\/wp-json\/wp\/v2\/media?parent=5786"}],"wp:term":[{"taxonomy":"category","embeddable":true,"href":"https:\/\/portaisuls-qua.azurewebsites.net\/ulsg\/wp-json\/wp\/v2\/categories?post=5786"},{"taxonomy":"post_tag","embeddable":true,"href":"https:\/\/portaisuls-qua.azurewebsites.net\/ulsg\/wp-json\/wp\/v2\/tags?post=5786"}],"curies":[{"name":"wp","href":"https:\/\/api.w.org\/{rel}","templated":true}]}}