{"id":5793,"date":"2017-03-06T12:13:28","date_gmt":"2017-03-06T12:13:28","guid":{"rendered":"http:\/\/www.ulsguarda.min-saude.pt\/?p=5793"},"modified":"2017-03-06T12:14:36","modified_gmt":"2017-03-06T12:14:36","slug":"formacao-no-ambito-do-programa-nacional-de-prevencao-de-acidentes-no-hsm","status":"publish","type":"post","link":"https:\/\/portaisuls-qua.azurewebsites.net\/ulsg\/noticias\/formacao-no-ambito-do-programa-nacional-de-prevencao-de-acidentes-no-hsm\/","title":{"rendered":"Forma\u00e7\u00e3o no \u00e2mbito do Programa Nacional de Preven\u00e7\u00e3o de Acidentes no HSM"},"content":{"rendered":"<p><span style=\"color: #000000;font-family: Calibri\">&#8220;Cadeirinha adequada, Viagem descansada&#8221; \u00e9 o nome do projeto integrado no Programa Nacional de Preven\u00e7\u00e3o de Acidentes que tem vindo a ser desenvolvido junto dos profissionais da ULS da Guarda. Esta segunda-feira est\u00e1 a decorrer mais uma sess\u00e3o orientada pelos formadores Dra. Benilde Mendes, Enf.\u00aa Adelaide Logarinho,\u00a0Enf. J\u00f3 Andrade e Fisioterapeuta Sophie Jacob. <\/span><span style=\"color: #000000;font-family: Calibri\">O curso desta segunda-feira destina-se aos profissionais de sa\u00fade dos UCSP de Almeida, Celorico, Foz C\u00f4a, Meda e Pinhel.<\/span><\/p>\n<p>&nbsp;<\/p>\n","protected":false},"excerpt":{"rendered":"<p>&#8220;Cadeirinha adequada, Viagem descansada&#8221; \u00e9 o nome do projeto integrado no Programa Nacional de Preven\u00e7\u00e3o de Acidentes que tem vindo a ser desenvolvido junto dos profissionais da ULS da Guarda. Esta segunda-feira est\u00e1 a decorrer mais uma sess\u00e3o orientada pelos formadores Dra. Benilde Mendes, Enf.\u00aa Adelaide Logarinho,\u00a0Enf. J\u00f3 Andrade e Fisioterapeuta Sophie Jacob. O curso [&hellip;]<\/p>\n","protected":false},"author":46,"featured_media":5794,"comment_status":"open","ping_status":"open","sticky":false,"template":"","format":"standard","meta":{"footnotes":""},"categories":[8],"tags":[],"class_list":["post-5793","post","type-post","status-publish","format-standard","has-post-thumbnail","hentry","category-noticias"],"_links":{"self":[{"href":"https:\/\/portaisuls-qua.azurewebsites.net\/ulsg\/wp-json\/wp\/v2\/posts\/5793","targetHints":{"allow":["GET"]}}],"collection":[{"href":"https:\/\/portaisuls-qua.azurewebsites.net\/ulsg\/wp-json\/wp\/v2\/posts"}],"about":[{"href":"https:\/\/portaisuls-qua.azurewebsites.net\/ulsg\/wp-json\/wp\/v2\/types\/post"}],"author":[{"embeddable":true,"href":"https:\/\/portaisuls-qua.azurewebsites.net\/ulsg\/wp-json\/wp\/v2\/users\/46"}],"replies":[{"embeddable":true,"href":"https:\/\/portaisuls-qua.azurewebsites.net\/ulsg\/wp-json\/wp\/v2\/comments?post=5793"}],"version-history":[{"count":1,"href":"https:\/\/portaisuls-qua.azurewebsites.net\/ulsg\/wp-json\/wp\/v2\/posts\/5793\/revisions"}],"predecessor-version":[{"id":5795,"href":"https:\/\/portaisuls-qua.azurewebsites.net\/ulsg\/wp-json\/wp\/v2\/posts\/5793\/revisions\/5795"}],"wp:featuredmedia":[{"embeddable":true,"href":"https:\/\/portaisuls-qua.azurewebsites.net\/ulsg\/wp-json\/wp\/v2\/media\/5794"}],"wp:attachment":[{"href":"https:\/\/portaisuls-qua.azurewebsites.net\/ulsg\/wp-json\/wp\/v2\/media?parent=5793"}],"wp:term":[{"taxonomy":"category","embeddable":true,"href":"https:\/\/portaisuls-qua.azurewebsites.net\/ulsg\/wp-json\/wp\/v2\/categories?post=5793"},{"taxonomy":"post_tag","embeddable":true,"href":"https:\/\/portaisuls-qua.azurewebsites.net\/ulsg\/wp-json\/wp\/v2\/tags?post=5793"}],"curies":[{"name":"wp","href":"https:\/\/api.w.org\/{rel}","templated":true}]}}