{"id":5818,"date":"2017-03-08T23:41:27","date_gmt":"2017-03-08T23:41:27","guid":{"rendered":"http:\/\/www.ulsguarda.min-saude.pt\/?p=5818"},"modified":"2017-03-09T12:23:12","modified_gmt":"2017-03-09T12:23:12","slug":"ginastica-laboral-no-hsm","status":"publish","type":"post","link":"https:\/\/portaisuls-qua.azurewebsites.net\/ulsg\/noticias\/ginastica-laboral-no-hsm\/","title":{"rendered":"Gin\u00e1stica Laboral no HSM"},"content":{"rendered":"<p>No \u00e2mbito do desenvolvimento do\u00a0Projeto &#8220;Global Care&#8221;, da responsabilidade das Enfermeiras Especialistas de Reabilita\u00e7\u00e3o Paula Rocha e Cristina Cunha, est\u00e1 a decorrer nesta quarta-feira mais uma sess\u00e3o inserida no Programa de Gin\u00e1stica Laboral. A atividade desta quarta-feira que decorreu na Sala de Forma\u00e7\u00e3o Dr. Sousa Martins destinou-se a profissionais dos Servi\u00e7os de Pneumologia, Psiquiatria, Unidade de Avc&#8217;s e Cirurgia.<\/p>\n","protected":false},"excerpt":{"rendered":"<p>No \u00e2mbito do desenvolvimento do\u00a0Projeto &#8220;Global Care&#8221;, da responsabilidade das Enfermeiras Especialistas de Reabilita\u00e7\u00e3o Paula Rocha e Cristina Cunha, est\u00e1 a decorrer nesta quarta-feira mais uma sess\u00e3o inserida no Programa de Gin\u00e1stica Laboral. A atividade desta quarta-feira que decorreu na Sala de Forma\u00e7\u00e3o Dr. Sousa Martins destinou-se a profissionais dos Servi\u00e7os de Pneumologia, Psiquiatria, Unidade [&hellip;]<\/p>\n","protected":false},"author":46,"featured_media":5815,"comment_status":"open","ping_status":"open","sticky":false,"template":"","format":"standard","meta":{"footnotes":""},"categories":[8],"tags":[],"class_list":["post-5818","post","type-post","status-publish","format-standard","has-post-thumbnail","hentry","category-noticias"],"_links":{"self":[{"href":"https:\/\/portaisuls-qua.azurewebsites.net\/ulsg\/wp-json\/wp\/v2\/posts\/5818","targetHints":{"allow":["GET"]}}],"collection":[{"href":"https:\/\/portaisuls-qua.azurewebsites.net\/ulsg\/wp-json\/wp\/v2\/posts"}],"about":[{"href":"https:\/\/portaisuls-qua.azurewebsites.net\/ulsg\/wp-json\/wp\/v2\/types\/post"}],"author":[{"embeddable":true,"href":"https:\/\/portaisuls-qua.azurewebsites.net\/ulsg\/wp-json\/wp\/v2\/users\/46"}],"replies":[{"embeddable":true,"href":"https:\/\/portaisuls-qua.azurewebsites.net\/ulsg\/wp-json\/wp\/v2\/comments?post=5818"}],"version-history":[{"count":2,"href":"https:\/\/portaisuls-qua.azurewebsites.net\/ulsg\/wp-json\/wp\/v2\/posts\/5818\/revisions"}],"predecessor-version":[{"id":5820,"href":"https:\/\/portaisuls-qua.azurewebsites.net\/ulsg\/wp-json\/wp\/v2\/posts\/5818\/revisions\/5820"}],"wp:featuredmedia":[{"embeddable":true,"href":"https:\/\/portaisuls-qua.azurewebsites.net\/ulsg\/wp-json\/wp\/v2\/media\/5815"}],"wp:attachment":[{"href":"https:\/\/portaisuls-qua.azurewebsites.net\/ulsg\/wp-json\/wp\/v2\/media?parent=5818"}],"wp:term":[{"taxonomy":"category","embeddable":true,"href":"https:\/\/portaisuls-qua.azurewebsites.net\/ulsg\/wp-json\/wp\/v2\/categories?post=5818"},{"taxonomy":"post_tag","embeddable":true,"href":"https:\/\/portaisuls-qua.azurewebsites.net\/ulsg\/wp-json\/wp\/v2\/tags?post=5818"}],"curies":[{"name":"wp","href":"https:\/\/api.w.org\/{rel}","templated":true}]}}