{"id":5867,"date":"2017-03-14T12:17:20","date_gmt":"2017-03-14T12:17:20","guid":{"rendered":"http:\/\/www.ulsguarda.min-saude.pt\/?p=5867"},"modified":"2017-03-14T12:17:33","modified_gmt":"2017-03-14T12:17:33","slug":"formacao-em-suporte-basico-de-vida-no-hsm-2","status":"publish","type":"post","link":"https:\/\/portaisuls-qua.azurewebsites.net\/ulsg\/noticias\/formacao-em-suporte-basico-de-vida-no-hsm-2\/","title":{"rendered":"FORMA\u00c7\u00c3O EM SUPORTE B\u00c1SICO DE VIDA NO HSM"},"content":{"rendered":"<p><span style=\"color: #000000;font-family: Calibri\">A Sala de Forma\u00e7\u00e3o Dr. Sousa Martins acolhe nesta ter\u00e7a-feira mais uma forma\u00e7\u00e3o de Suporte B\u00e1sico de Vida. Esta a\u00e7\u00e3o destinada a profissionais do Servi\u00e7o de Obstetr\u00edcia est\u00e1 a ser orientada pelos formadores Dr.\u00aa Ana Isabel Santos e o Enf. Jorge Santos. <\/span><\/p>\n<p>&nbsp;<\/p>\n","protected":false},"excerpt":{"rendered":"<p>A Sala de Forma\u00e7\u00e3o Dr. Sousa Martins acolhe nesta ter\u00e7a-feira mais uma forma\u00e7\u00e3o de Suporte B\u00e1sico de Vida. Esta a\u00e7\u00e3o destinada a profissionais do Servi\u00e7o de Obstetr\u00edcia est\u00e1 a ser orientada pelos formadores Dr.\u00aa Ana Isabel Santos e o Enf. Jorge Santos. &nbsp;<\/p>\n","protected":false},"author":46,"featured_media":5868,"comment_status":"open","ping_status":"open","sticky":false,"template":"","format":"standard","meta":{"footnotes":""},"categories":[8],"tags":[],"class_list":["post-5867","post","type-post","status-publish","format-standard","has-post-thumbnail","hentry","category-noticias"],"_links":{"self":[{"href":"https:\/\/portaisuls-qua.azurewebsites.net\/ulsg\/wp-json\/wp\/v2\/posts\/5867","targetHints":{"allow":["GET"]}}],"collection":[{"href":"https:\/\/portaisuls-qua.azurewebsites.net\/ulsg\/wp-json\/wp\/v2\/posts"}],"about":[{"href":"https:\/\/portaisuls-qua.azurewebsites.net\/ulsg\/wp-json\/wp\/v2\/types\/post"}],"author":[{"embeddable":true,"href":"https:\/\/portaisuls-qua.azurewebsites.net\/ulsg\/wp-json\/wp\/v2\/users\/46"}],"replies":[{"embeddable":true,"href":"https:\/\/portaisuls-qua.azurewebsites.net\/ulsg\/wp-json\/wp\/v2\/comments?post=5867"}],"version-history":[{"count":1,"href":"https:\/\/portaisuls-qua.azurewebsites.net\/ulsg\/wp-json\/wp\/v2\/posts\/5867\/revisions"}],"predecessor-version":[{"id":5869,"href":"https:\/\/portaisuls-qua.azurewebsites.net\/ulsg\/wp-json\/wp\/v2\/posts\/5867\/revisions\/5869"}],"wp:featuredmedia":[{"embeddable":true,"href":"https:\/\/portaisuls-qua.azurewebsites.net\/ulsg\/wp-json\/wp\/v2\/media\/5868"}],"wp:attachment":[{"href":"https:\/\/portaisuls-qua.azurewebsites.net\/ulsg\/wp-json\/wp\/v2\/media?parent=5867"}],"wp:term":[{"taxonomy":"category","embeddable":true,"href":"https:\/\/portaisuls-qua.azurewebsites.net\/ulsg\/wp-json\/wp\/v2\/categories?post=5867"},{"taxonomy":"post_tag","embeddable":true,"href":"https:\/\/portaisuls-qua.azurewebsites.net\/ulsg\/wp-json\/wp\/v2\/tags?post=5867"}],"curies":[{"name":"wp","href":"https:\/\/api.w.org\/{rel}","templated":true}]}}