{"id":5917,"date":"2017-03-27T16:17:46","date_gmt":"2017-03-27T16:17:46","guid":{"rendered":"http:\/\/www.ulsguarda.min-saude.pt\/?p=5917"},"modified":"2017-03-27T16:21:27","modified_gmt":"2017-03-27T16:21:27","slug":"novo-sistema-de-prescricao-eletronica-na-ulsg","status":"publish","type":"post","link":"https:\/\/portaisuls-qua.azurewebsites.net\/ulsg\/noticias\/novo-sistema-de-prescricao-eletronica-na-ulsg\/","title":{"rendered":"NOVO SISTEMA DE PRESCRI\u00c7\u00c3O ELETR\u00d3NICA NA ULSG"},"content":{"rendered":"<p><span style=\"color: #000000;font-family: Calibri\">A ULS da Guarda vai ter em funcionamento, a partir da pr\u00f3xima semana, um novo sistema <\/span><span style=\"color: #000000;font-family: Calibri\">de prescri\u00e7\u00e3o eletr\u00f3nica da ULS Guarda. Durante esta a semana, diferentes grupos de profissionais est\u00e3o a atualizar conhecimentos para utilizarem o novo sistema que entrar\u00e1 em fun\u00e7\u00f5es de forma gradual no pr\u00f3ximo dia 3 de abril de 2017. <\/span><\/p>\n<p><span style=\"color: #000000;font-family: Calibri\">\u00a0<\/span><\/p>\n<p>&nbsp;<\/p>\n","protected":false},"excerpt":{"rendered":"<p>A ULS da Guarda vai ter em funcionamento, a partir da pr\u00f3xima semana, um novo sistema de prescri\u00e7\u00e3o eletr\u00f3nica da ULS Guarda. Durante esta a semana, diferentes grupos de profissionais est\u00e3o a atualizar conhecimentos para utilizarem o novo sistema que entrar\u00e1 em fun\u00e7\u00f5es de forma gradual no pr\u00f3ximo dia 3 de abril de 2017. \u00a0 [&hellip;]<\/p>\n","protected":false},"author":46,"featured_media":5918,"comment_status":"open","ping_status":"open","sticky":false,"template":"","format":"standard","meta":{"footnotes":""},"categories":[8],"tags":[],"class_list":["post-5917","post","type-post","status-publish","format-standard","has-post-thumbnail","hentry","category-noticias"],"_links":{"self":[{"href":"https:\/\/portaisuls-qua.azurewebsites.net\/ulsg\/wp-json\/wp\/v2\/posts\/5917","targetHints":{"allow":["GET"]}}],"collection":[{"href":"https:\/\/portaisuls-qua.azurewebsites.net\/ulsg\/wp-json\/wp\/v2\/posts"}],"about":[{"href":"https:\/\/portaisuls-qua.azurewebsites.net\/ulsg\/wp-json\/wp\/v2\/types\/post"}],"author":[{"embeddable":true,"href":"https:\/\/portaisuls-qua.azurewebsites.net\/ulsg\/wp-json\/wp\/v2\/users\/46"}],"replies":[{"embeddable":true,"href":"https:\/\/portaisuls-qua.azurewebsites.net\/ulsg\/wp-json\/wp\/v2\/comments?post=5917"}],"version-history":[{"count":1,"href":"https:\/\/portaisuls-qua.azurewebsites.net\/ulsg\/wp-json\/wp\/v2\/posts\/5917\/revisions"}],"predecessor-version":[{"id":5919,"href":"https:\/\/portaisuls-qua.azurewebsites.net\/ulsg\/wp-json\/wp\/v2\/posts\/5917\/revisions\/5919"}],"wp:featuredmedia":[{"embeddable":true,"href":"https:\/\/portaisuls-qua.azurewebsites.net\/ulsg\/wp-json\/wp\/v2\/media\/5918"}],"wp:attachment":[{"href":"https:\/\/portaisuls-qua.azurewebsites.net\/ulsg\/wp-json\/wp\/v2\/media?parent=5917"}],"wp:term":[{"taxonomy":"category","embeddable":true,"href":"https:\/\/portaisuls-qua.azurewebsites.net\/ulsg\/wp-json\/wp\/v2\/categories?post=5917"},{"taxonomy":"post_tag","embeddable":true,"href":"https:\/\/portaisuls-qua.azurewebsites.net\/ulsg\/wp-json\/wp\/v2\/tags?post=5917"}],"curies":[{"name":"wp","href":"https:\/\/api.w.org\/{rel}","templated":true}]}}