{"id":5933,"date":"2017-03-31T15:17:35","date_gmt":"2017-03-31T15:17:35","guid":{"rendered":"http:\/\/www.ulsguarda.min-saude.pt\/?p=5933"},"modified":"2017-03-31T15:18:37","modified_gmt":"2017-03-31T15:18:37","slug":"dia-nacional-do-doente-com-avc","status":"publish","type":"post","link":"https:\/\/portaisuls-qua.azurewebsites.net\/ulsg\/sem-categoria\/dia-nacional-do-doente-com-avc\/","title":{"rendered":"DIA NACIONAL DO DOENTE COM AVC"},"content":{"rendered":"<p>Esta sexta-feira,\u00a031 de mar\u00e7o comemora-se o Dia Nacional do Doente com AVC (Acidente Vascular Cerebral). Uma das principais causas de morte e incapacidade em Portugal. A ULSG est\u00e1 a assinalar o dia com a divulga\u00e7\u00e3o de folhetos informativos acerca dos comportamentos\/fatores de risco da doen\u00e7a, porque prevenir \u00e9 sempre melhor que tratar.\u00a0O objetivo \u00e9\u00a0tamb\u00e9m relembrar junto da comunidade a exist\u00eancia e import\u00e2ncia da Unidade de AVC&#8217; s da institui\u00e7\u00e3o.<\/p>\n<p>Ao longo do dia\u00a0est\u00e1 tamb\u00e9m\u00a0 a ser partilhado o testemunho de uma utente que servir\u00e1 de incentivo aos utentes e familiares que estejam a viver esta realidade.<\/p>\n","protected":false},"excerpt":{"rendered":"<p>Esta sexta-feira,\u00a031 de mar\u00e7o comemora-se o Dia Nacional do Doente com AVC (Acidente Vascular Cerebral). Uma das principais causas de morte e incapacidade em Portugal. A ULSG est\u00e1 a assinalar o dia com a divulga\u00e7\u00e3o de folhetos informativos acerca dos comportamentos\/fatores de risco da doen\u00e7a, porque prevenir \u00e9 sempre melhor que tratar.\u00a0O objetivo \u00e9\u00a0tamb\u00e9m relembrar [&hellip;]<\/p>\n","protected":false},"author":46,"featured_media":5935,"comment_status":"open","ping_status":"open","sticky":false,"template":"","format":"standard","meta":{"footnotes":""},"categories":[8,1],"tags":[],"class_list":["post-5933","post","type-post","status-publish","format-standard","has-post-thumbnail","hentry","category-noticias","category-sem-categoria"],"_links":{"self":[{"href":"https:\/\/portaisuls-qua.azurewebsites.net\/ulsg\/wp-json\/wp\/v2\/posts\/5933","targetHints":{"allow":["GET"]}}],"collection":[{"href":"https:\/\/portaisuls-qua.azurewebsites.net\/ulsg\/wp-json\/wp\/v2\/posts"}],"about":[{"href":"https:\/\/portaisuls-qua.azurewebsites.net\/ulsg\/wp-json\/wp\/v2\/types\/post"}],"author":[{"embeddable":true,"href":"https:\/\/portaisuls-qua.azurewebsites.net\/ulsg\/wp-json\/wp\/v2\/users\/46"}],"replies":[{"embeddable":true,"href":"https:\/\/portaisuls-qua.azurewebsites.net\/ulsg\/wp-json\/wp\/v2\/comments?post=5933"}],"version-history":[{"count":1,"href":"https:\/\/portaisuls-qua.azurewebsites.net\/ulsg\/wp-json\/wp\/v2\/posts\/5933\/revisions"}],"predecessor-version":[{"id":5936,"href":"https:\/\/portaisuls-qua.azurewebsites.net\/ulsg\/wp-json\/wp\/v2\/posts\/5933\/revisions\/5936"}],"wp:featuredmedia":[{"embeddable":true,"href":"https:\/\/portaisuls-qua.azurewebsites.net\/ulsg\/wp-json\/wp\/v2\/media\/5935"}],"wp:attachment":[{"href":"https:\/\/portaisuls-qua.azurewebsites.net\/ulsg\/wp-json\/wp\/v2\/media?parent=5933"}],"wp:term":[{"taxonomy":"category","embeddable":true,"href":"https:\/\/portaisuls-qua.azurewebsites.net\/ulsg\/wp-json\/wp\/v2\/categories?post=5933"},{"taxonomy":"post_tag","embeddable":true,"href":"https:\/\/portaisuls-qua.azurewebsites.net\/ulsg\/wp-json\/wp\/v2\/tags?post=5933"}],"curies":[{"name":"wp","href":"https:\/\/api.w.org\/{rel}","templated":true}]}}