{"id":5941,"date":"2017-04-03T09:37:46","date_gmt":"2017-04-03T09:37:46","guid":{"rendered":"http:\/\/www.ulsguarda.min-saude.pt\/?p=5941"},"modified":"2017-04-03T09:37:56","modified_gmt":"2017-04-03T09:37:56","slug":"acao-de-formacao-sobre-abuso-sexual-na-ulsg","status":"publish","type":"post","link":"https:\/\/portaisuls-qua.azurewebsites.net\/ulsg\/noticias\/acao-de-formacao-sobre-abuso-sexual-na-ulsg\/","title":{"rendered":"A\u00e7\u00e3o de Forma\u00e7\u00e3o sobre Abuso Sexual na ULSG"},"content":{"rendered":"<p>Abril \u00e9, em muitos pa\u00edses, desde o in\u00edcio do s\u00e9culo, o M\u00eas Internacional da Preven\u00e7\u00e3o dos Maus-Tratos na Inf\u00e2ncia. O tema \u00e9 incontorn\u00e1vel para os N\u00facleo Hospitalar de Apoio a Crian\u00e7as e Jovens em Risco e N\u00facleo de Apoio a Crian\u00e7as e Jovens do Centro de Sa\u00fade, que, decidiram desenvolver uma campanha de alerta para a preven\u00e7\u00e3o dos maus-tratos a que muitas crian\u00e7as e jovens ainda s\u00e3o sujeitos.<\/p>\n<p>Durante a manh\u00e3 desta segunda-feira est\u00e1 a decorrer uma a\u00e7\u00e3o de forma\u00e7\u00e3o sobre Abusos Sexuais para Educadores de Inf\u00e2ncia (dos 3 aos 6 anos) na Sala de Forma\u00e7\u00e3o Rainha D. Am\u00e9lia.<\/p>\n","protected":false},"excerpt":{"rendered":"<p>Abril \u00e9, em muitos pa\u00edses, desde o in\u00edcio do s\u00e9culo, o M\u00eas Internacional da Preven\u00e7\u00e3o dos Maus-Tratos na Inf\u00e2ncia. O tema \u00e9 incontorn\u00e1vel para os N\u00facleo Hospitalar de Apoio a Crian\u00e7as e Jovens em Risco e N\u00facleo de Apoio a Crian\u00e7as e Jovens do Centro de Sa\u00fade, que, decidiram desenvolver uma campanha de alerta para [&hellip;]<\/p>\n","protected":false},"author":46,"featured_media":5942,"comment_status":"open","ping_status":"open","sticky":false,"template":"","format":"standard","meta":{"footnotes":""},"categories":[8],"tags":[],"class_list":["post-5941","post","type-post","status-publish","format-standard","has-post-thumbnail","hentry","category-noticias"],"_links":{"self":[{"href":"https:\/\/portaisuls-qua.azurewebsites.net\/ulsg\/wp-json\/wp\/v2\/posts\/5941","targetHints":{"allow":["GET"]}}],"collection":[{"href":"https:\/\/portaisuls-qua.azurewebsites.net\/ulsg\/wp-json\/wp\/v2\/posts"}],"about":[{"href":"https:\/\/portaisuls-qua.azurewebsites.net\/ulsg\/wp-json\/wp\/v2\/types\/post"}],"author":[{"embeddable":true,"href":"https:\/\/portaisuls-qua.azurewebsites.net\/ulsg\/wp-json\/wp\/v2\/users\/46"}],"replies":[{"embeddable":true,"href":"https:\/\/portaisuls-qua.azurewebsites.net\/ulsg\/wp-json\/wp\/v2\/comments?post=5941"}],"version-history":[{"count":1,"href":"https:\/\/portaisuls-qua.azurewebsites.net\/ulsg\/wp-json\/wp\/v2\/posts\/5941\/revisions"}],"predecessor-version":[{"id":5943,"href":"https:\/\/portaisuls-qua.azurewebsites.net\/ulsg\/wp-json\/wp\/v2\/posts\/5941\/revisions\/5943"}],"wp:featuredmedia":[{"embeddable":true,"href":"https:\/\/portaisuls-qua.azurewebsites.net\/ulsg\/wp-json\/wp\/v2\/media\/5942"}],"wp:attachment":[{"href":"https:\/\/portaisuls-qua.azurewebsites.net\/ulsg\/wp-json\/wp\/v2\/media?parent=5941"}],"wp:term":[{"taxonomy":"category","embeddable":true,"href":"https:\/\/portaisuls-qua.azurewebsites.net\/ulsg\/wp-json\/wp\/v2\/categories?post=5941"},{"taxonomy":"post_tag","embeddable":true,"href":"https:\/\/portaisuls-qua.azurewebsites.net\/ulsg\/wp-json\/wp\/v2\/tags?post=5941"}],"curies":[{"name":"wp","href":"https:\/\/api.w.org\/{rel}","templated":true}]}}