{"id":5948,"date":"2017-04-04T09:44:24","date_gmt":"2017-04-04T09:44:24","guid":{"rendered":"http:\/\/www.ulsguarda.min-saude.pt\/?p=5948"},"modified":"2017-04-04T09:44:45","modified_gmt":"2017-04-04T09:44:45","slug":"sessao-de-esclarecimento-sobre-maus-tratos-na-infancia-e-adolescencia","status":"publish","type":"post","link":"https:\/\/portaisuls-qua.azurewebsites.net\/ulsg\/noticias\/sessao-de-esclarecimento-sobre-maus-tratos-na-infancia-e-adolescencia\/","title":{"rendered":"SESS\u00c3O DE ESCLARECIMENTO SOBRE MAUS TRATOS NA INF\u00c2NCIA E ADOLESC\u00caNCIA"},"content":{"rendered":"<p>No \u00e2mbito do m\u00eas da Preven\u00e7\u00e3o aos Maus Tratos na Inf\u00e2ncia e Adolesc\u00eancia, realizou-se esta segunda-feira no Audit\u00f3rio Dr. Lopo de Carvalho na ULS da Guarda uma sess\u00e3o de esclarecimento sobre Maus Tratos. A Sess\u00e3o foi conduzida pela Dr.\u00aa Odete Mendes, Coordenadora de Sa\u00fade para as Crian\u00e7as e Jovens em Risco a ARS Centro. A Sess\u00e3o terminou com um momento musical e a entrega de pr\u00e9mios aos tr\u00eas melhores La\u00e7os elaborados no \u00e2mbito do Concurso &#8220;La\u00e7o Azul mais Criativo&#8221;.<\/p>\n","protected":false},"excerpt":{"rendered":"<p>No \u00e2mbito do m\u00eas da Preven\u00e7\u00e3o aos Maus Tratos na Inf\u00e2ncia e Adolesc\u00eancia, realizou-se esta segunda-feira no Audit\u00f3rio Dr. Lopo de Carvalho na ULS da Guarda uma sess\u00e3o de esclarecimento sobre Maus Tratos. A Sess\u00e3o foi conduzida pela Dr.\u00aa Odete Mendes, Coordenadora de Sa\u00fade para as Crian\u00e7as e Jovens em Risco a ARS Centro. A [&hellip;]<\/p>\n","protected":false},"author":46,"featured_media":5949,"comment_status":"open","ping_status":"open","sticky":false,"template":"","format":"standard","meta":{"footnotes":""},"categories":[8],"tags":[],"class_list":["post-5948","post","type-post","status-publish","format-standard","has-post-thumbnail","hentry","category-noticias"],"_links":{"self":[{"href":"https:\/\/portaisuls-qua.azurewebsites.net\/ulsg\/wp-json\/wp\/v2\/posts\/5948","targetHints":{"allow":["GET"]}}],"collection":[{"href":"https:\/\/portaisuls-qua.azurewebsites.net\/ulsg\/wp-json\/wp\/v2\/posts"}],"about":[{"href":"https:\/\/portaisuls-qua.azurewebsites.net\/ulsg\/wp-json\/wp\/v2\/types\/post"}],"author":[{"embeddable":true,"href":"https:\/\/portaisuls-qua.azurewebsites.net\/ulsg\/wp-json\/wp\/v2\/users\/46"}],"replies":[{"embeddable":true,"href":"https:\/\/portaisuls-qua.azurewebsites.net\/ulsg\/wp-json\/wp\/v2\/comments?post=5948"}],"version-history":[{"count":1,"href":"https:\/\/portaisuls-qua.azurewebsites.net\/ulsg\/wp-json\/wp\/v2\/posts\/5948\/revisions"}],"predecessor-version":[{"id":5950,"href":"https:\/\/portaisuls-qua.azurewebsites.net\/ulsg\/wp-json\/wp\/v2\/posts\/5948\/revisions\/5950"}],"wp:featuredmedia":[{"embeddable":true,"href":"https:\/\/portaisuls-qua.azurewebsites.net\/ulsg\/wp-json\/wp\/v2\/media\/5949"}],"wp:attachment":[{"href":"https:\/\/portaisuls-qua.azurewebsites.net\/ulsg\/wp-json\/wp\/v2\/media?parent=5948"}],"wp:term":[{"taxonomy":"category","embeddable":true,"href":"https:\/\/portaisuls-qua.azurewebsites.net\/ulsg\/wp-json\/wp\/v2\/categories?post=5948"},{"taxonomy":"post_tag","embeddable":true,"href":"https:\/\/portaisuls-qua.azurewebsites.net\/ulsg\/wp-json\/wp\/v2\/tags?post=5948"}],"curies":[{"name":"wp","href":"https:\/\/api.w.org\/{rel}","templated":true}]}}