{"id":5954,"date":"2017-04-04T11:14:19","date_gmt":"2017-04-04T11:14:19","guid":{"rendered":"http:\/\/www.ulsguarda.min-saude.pt\/?p=5954"},"modified":"2017-04-04T11:14:54","modified_gmt":"2017-04-04T11:14:54","slug":"formacao-suporte-basico-de-vida-na-uls-da-guarda","status":"publish","type":"post","link":"https:\/\/portaisuls-qua.azurewebsites.net\/ulsg\/noticias\/formacao-suporte-basico-de-vida-na-uls-da-guarda\/","title":{"rendered":"FORMA\u00c7\u00c3O SUPORTE B\u00c1SICO DE VIDA NA ULS DA GUARDA"},"content":{"rendered":"<p>Nesta ter\u00e7a-feira est\u00e1 a decorrer na Sala Rainha D. Am\u00e9lia mais uma forma\u00e7\u00e3o de Suporte B\u00e1sico de Vida. Uma forma\u00e7\u00e3o que a ULS da Guarda tem vindo a promover junto de todos os profissionais da institui\u00e7\u00e3o.\u00a0 As sess\u00f5es \u00a0formativas desta ter\u00e7a-feira est\u00e3o a ser ministradas pelos formadores acreditados pelo INEM, Enf. Daniel Chor\u00e3o e Dr. Pedro Santos.<\/p>\n","protected":false},"excerpt":{"rendered":"<p>Nesta ter\u00e7a-feira est\u00e1 a decorrer na Sala Rainha D. Am\u00e9lia mais uma forma\u00e7\u00e3o de Suporte B\u00e1sico de Vida. Uma forma\u00e7\u00e3o que a ULS da Guarda tem vindo a promover junto de todos os profissionais da institui\u00e7\u00e3o.\u00a0 As sess\u00f5es \u00a0formativas desta ter\u00e7a-feira est\u00e3o a ser ministradas pelos formadores acreditados pelo INEM, Enf. Daniel Chor\u00e3o e Dr. [&hellip;]<\/p>\n","protected":false},"author":46,"featured_media":5955,"comment_status":"open","ping_status":"open","sticky":false,"template":"","format":"standard","meta":{"footnotes":""},"categories":[8],"tags":[],"class_list":["post-5954","post","type-post","status-publish","format-standard","has-post-thumbnail","hentry","category-noticias"],"_links":{"self":[{"href":"https:\/\/portaisuls-qua.azurewebsites.net\/ulsg\/wp-json\/wp\/v2\/posts\/5954","targetHints":{"allow":["GET"]}}],"collection":[{"href":"https:\/\/portaisuls-qua.azurewebsites.net\/ulsg\/wp-json\/wp\/v2\/posts"}],"about":[{"href":"https:\/\/portaisuls-qua.azurewebsites.net\/ulsg\/wp-json\/wp\/v2\/types\/post"}],"author":[{"embeddable":true,"href":"https:\/\/portaisuls-qua.azurewebsites.net\/ulsg\/wp-json\/wp\/v2\/users\/46"}],"replies":[{"embeddable":true,"href":"https:\/\/portaisuls-qua.azurewebsites.net\/ulsg\/wp-json\/wp\/v2\/comments?post=5954"}],"version-history":[{"count":1,"href":"https:\/\/portaisuls-qua.azurewebsites.net\/ulsg\/wp-json\/wp\/v2\/posts\/5954\/revisions"}],"predecessor-version":[{"id":5956,"href":"https:\/\/portaisuls-qua.azurewebsites.net\/ulsg\/wp-json\/wp\/v2\/posts\/5954\/revisions\/5956"}],"wp:featuredmedia":[{"embeddable":true,"href":"https:\/\/portaisuls-qua.azurewebsites.net\/ulsg\/wp-json\/wp\/v2\/media\/5955"}],"wp:attachment":[{"href":"https:\/\/portaisuls-qua.azurewebsites.net\/ulsg\/wp-json\/wp\/v2\/media?parent=5954"}],"wp:term":[{"taxonomy":"category","embeddable":true,"href":"https:\/\/portaisuls-qua.azurewebsites.net\/ulsg\/wp-json\/wp\/v2\/categories?post=5954"},{"taxonomy":"post_tag","embeddable":true,"href":"https:\/\/portaisuls-qua.azurewebsites.net\/ulsg\/wp-json\/wp\/v2\/tags?post=5954"}],"curies":[{"name":"wp","href":"https:\/\/api.w.org\/{rel}","templated":true}]}}