{"id":5960,"date":"2017-04-05T10:05:38","date_gmt":"2017-04-05T10:05:38","guid":{"rendered":"http:\/\/www.ulsguarda.min-saude.pt\/?p=5960"},"modified":"2017-04-05T10:05:44","modified_gmt":"2017-04-05T10:05:44","slug":"ja-comecou-a-ser-implementado-novo-sistema-de-gestao-hospitalar-na-ulsg","status":"publish","type":"post","link":"https:\/\/portaisuls-qua.azurewebsites.net\/ulsg\/noticias\/ja-comecou-a-ser-implementado-novo-sistema-de-gestao-hospitalar-na-ulsg\/","title":{"rendered":"J\u00c1 COME\u00c7OU A SER IMPLEMENTADO NOVO SISTEMA DE GEST\u00c3O HOSPITALAR  NA ULSG"},"content":{"rendered":"<p>Come\u00e7ou esta semana a ser implementado na ULS da Guarda o novo sistema de Gest\u00e3o Hospitalar de Armaz\u00e9m e Farm\u00e1cia (GHAF). O GHAF ser\u00e1 implementado de forma gradual, at\u00e9 ao final desta semana, no Hospital Sousa Martins e Hospital Nossa Senhora da Assun\u00e7\u00e3o em Seia. O mesmo sistema ser\u00e1 implementado nas Unidade de Cuidados de Sa\u00fade Personalizados a partir do dia 17 de abril de 2017.<\/p>\n<p>Este sistema de gest\u00e3o marca a altera\u00e7\u00e3o do paradigma tradicional de funcionamento organizacional da ULS. Esta mudan\u00e7a representa um grande passo em frente para a ULS da Guarda visto que vai libertar milhares de linhas de informa\u00e7\u00e3o em papel que circulam diariamente de piso em piso, de corredor em corredor, de m\u00e3o em m\u00e3o. Para al\u00e9m desta moderniza\u00e7\u00e3o, este programa vai permitir um efetivo combate ao desperd\u00edcio, atrav\u00e9s de uma correta gest\u00e3o de stocks (de medicamentos e de consum\u00edveis). Consequentemente, esta solu\u00e7\u00e3o representa ganhos econ\u00f3micos muito significativos para a institui\u00e7\u00e3o, bem como, uma efic\u00e1cia acrescida na presta\u00e7\u00e3o de servi\u00e7os de sa\u00fade \u00e0 popula\u00e7\u00e3o.<\/p>\n<p>A implementa\u00e7\u00e3o deste programa de gest\u00e3o \u00e9 o cumprir de mais um dos objetivos tra\u00e7ados no in\u00edcio de mandato por este Conselho de Administra\u00e7\u00e3o.<\/p>\n","protected":false},"excerpt":{"rendered":"<p>Come\u00e7ou esta semana a ser implementado na ULS da Guarda o novo sistema de Gest\u00e3o Hospitalar de Armaz\u00e9m e Farm\u00e1cia (GHAF). O GHAF ser\u00e1 implementado de forma gradual, at\u00e9 ao final desta semana, no Hospital Sousa Martins e Hospital Nossa Senhora da Assun\u00e7\u00e3o em Seia. O mesmo sistema ser\u00e1 implementado nas Unidade de Cuidados de [&hellip;]<\/p>\n","protected":false},"author":46,"featured_media":5961,"comment_status":"open","ping_status":"open","sticky":false,"template":"","format":"standard","meta":{"footnotes":""},"categories":[8],"tags":[],"class_list":["post-5960","post","type-post","status-publish","format-standard","has-post-thumbnail","hentry","category-noticias"],"_links":{"self":[{"href":"https:\/\/portaisuls-qua.azurewebsites.net\/ulsg\/wp-json\/wp\/v2\/posts\/5960","targetHints":{"allow":["GET"]}}],"collection":[{"href":"https:\/\/portaisuls-qua.azurewebsites.net\/ulsg\/wp-json\/wp\/v2\/posts"}],"about":[{"href":"https:\/\/portaisuls-qua.azurewebsites.net\/ulsg\/wp-json\/wp\/v2\/types\/post"}],"author":[{"embeddable":true,"href":"https:\/\/portaisuls-qua.azurewebsites.net\/ulsg\/wp-json\/wp\/v2\/users\/46"}],"replies":[{"embeddable":true,"href":"https:\/\/portaisuls-qua.azurewebsites.net\/ulsg\/wp-json\/wp\/v2\/comments?post=5960"}],"version-history":[{"count":1,"href":"https:\/\/portaisuls-qua.azurewebsites.net\/ulsg\/wp-json\/wp\/v2\/posts\/5960\/revisions"}],"predecessor-version":[{"id":5962,"href":"https:\/\/portaisuls-qua.azurewebsites.net\/ulsg\/wp-json\/wp\/v2\/posts\/5960\/revisions\/5962"}],"wp:featuredmedia":[{"embeddable":true,"href":"https:\/\/portaisuls-qua.azurewebsites.net\/ulsg\/wp-json\/wp\/v2\/media\/5961"}],"wp:attachment":[{"href":"https:\/\/portaisuls-qua.azurewebsites.net\/ulsg\/wp-json\/wp\/v2\/media?parent=5960"}],"wp:term":[{"taxonomy":"category","embeddable":true,"href":"https:\/\/portaisuls-qua.azurewebsites.net\/ulsg\/wp-json\/wp\/v2\/categories?post=5960"},{"taxonomy":"post_tag","embeddable":true,"href":"https:\/\/portaisuls-qua.azurewebsites.net\/ulsg\/wp-json\/wp\/v2\/tags?post=5960"}],"curies":[{"name":"wp","href":"https:\/\/api.w.org\/{rel}","templated":true}]}}