{"id":5966,"date":"2017-04-05T19:40:13","date_gmt":"2017-04-05T19:40:13","guid":{"rendered":"http:\/\/www.ulsguarda.min-saude.pt\/?p=5966"},"modified":"2017-04-05T20:28:49","modified_gmt":"2017-04-05T20:28:49","slug":"mes-da-prevencao-dos-maus-tratos-na-infancia-2017-em-seia","status":"publish","type":"post","link":"https:\/\/portaisuls-qua.azurewebsites.net\/ulsg\/noticias\/mes-da-prevencao-dos-maus-tratos-na-infancia-2017-em-seia\/","title":{"rendered":"M\u00caS DA PREVEN\u00c7\u00c3O DOS MAUS TRATOS NA INF\u00c2NCIA &#8211; 2017 EM SEIA"},"content":{"rendered":"<p>No \u00e2mbito do m\u00eas da preven\u00e7\u00e3o aos maus tratos na inf\u00e2ncia e adolesc\u00eancia,\u00a0 a Comiss\u00e3o de Prote\u00e7\u00e3o de Crian\u00e7as e Jovens de Seia e que integra elementos do HNSA Seia e CS Seia (UCC) v\u00e3o organizar diversas iniciativas entre as quais se destacam:<\/p>\n<ul>\n<li>12 de Abril (quarta-feira) &#8211; O papel do terapeuta familiar e da interven\u00e7\u00e3o sist\u00e9mica Filipa Perfeito &#8211; Associa\u00e7\u00e3o de Terapeutas Familiares, Entre N\u00f3s em parceria com a Luxius Psicologia<\/li>\n<li>6 de Abril (quinta-feira) &#8211; Exibi\u00e7\u00e3o do Filme &#8211; S. Jorge (2016) &#8211; 7\u00aa Sena \u2013 N\u00facleo Cin\u00e9filo de Seia<\/li>\n<li>20 de Abril (quinta-feira) &#8211; Marcha Azul, forma\u00e7\u00e3o de La\u00e7o Humano, apresenta\u00e7\u00e3o p\u00fablica \u201cHino da Preven\u00e7\u00e3o\u201d<\/li>\n<li>20 de Abril (quinta-feira) &#8211; O Segredo dos Pais Felizes! Dina Filipa \u2013 Psicopedagoga Cl\u00ednica<\/li>\n<li>26 de Abril (quarta-feira) &#8211; A audi\u00e7\u00e3o da Crian\u00e7a no Tribunal &#8211; Joana Alexandre &#8211; I Psic\u00f3loga e Professora Auxiliar no ISCTE-IUL e Investigadora no CIS-IUL<\/li>\n<li>26 de Abril (quarta-feira) &#8211; Vamos Prevenir: Apresenta\u00e7\u00e3o do jogo para Preven\u00e7\u00e3o prim\u00e1ria do abuso &#8211; Joana Alexandre &#8211; I Psic\u00f3loga e Professora Auxiliar no ISCTE-IUL e Investigadora no CIS-IUL<\/li>\n<li>28 de Abril (sexta-feira) &#8211; Como lidar com as perguntas dif\u00edceis? Comunicar eficazmente com os filhos sobre sexualidade &#8211; V\u00e2nia Beliz &#8211;\u00a0I Psic\u00f3loga Cl\u00ednica, Mestre em Sexologia, Doutoranda no Instituto de Educa\u00e7\u00e3o da Universidade do Minho<\/li>\n<\/ul>\n<p><a href=\"http:\/\/www.ulsguarda.min-saude.pt\/wp-content\/uploads\/sites\/6\/2017\/04\/cartaz-Abril-2.jpg\"><img loading=\"lazy\" decoding=\"async\" class=\"alignleft size-full wp-image-5967\" src=\"http:\/\/www.ulsguarda.min-saude.pt\/wp-content\/uploads\/sites\/6\/2017\/04\/cartaz-Abril-2.jpg\" alt=\"cartaz Abril (2)\" width=\"3508\" height=\"4962\" srcset=\"\/wp-content\/uploads\/sites\/6\/2017\/04\/cartaz-Abril-2.jpg 3508w, \/wp-content\/uploads\/sites\/6\/2017\/04\/cartaz-Abril-2-212x300.jpg 212w, \/wp-content\/uploads\/sites\/6\/2017\/04\/cartaz-Abril-2-768x1086.jpg 768w, \/wp-content\/uploads\/sites\/6\/2017\/04\/cartaz-Abril-2-724x1024.jpg 724w\" sizes=\"auto, (max-width: 3508px) 100vw, 3508px\" \/><\/a><\/p>\n<p><a href=\"http:\/\/www.ulsguarda.min-saude.pt\/wp-content\/uploads\/sites\/6\/2017\/04\/Desdobravel-comunidade-2.pdf\">Desdobr\u00e1vel\u00a0 <\/a><\/p>\n<p>&nbsp;<\/p>\n<p><strong>\u00a0<\/strong><\/p>\n","protected":false},"excerpt":{"rendered":"<p>No \u00e2mbito do m\u00eas da preven\u00e7\u00e3o aos maus tratos na inf\u00e2ncia e adolesc\u00eancia,\u00a0 a Comiss\u00e3o de Prote\u00e7\u00e3o de Crian\u00e7as e Jovens de Seia e que integra elementos do HNSA Seia e CS Seia (UCC) v\u00e3o organizar diversas iniciativas entre as quais se destacam: 12 de Abril (quarta-feira) &#8211; O papel do terapeuta familiar e da [&hellip;]<\/p>\n","protected":false},"author":46,"featured_media":5972,"comment_status":"open","ping_status":"open","sticky":false,"template":"","format":"standard","meta":{"footnotes":""},"categories":[8],"tags":[],"class_list":["post-5966","post","type-post","status-publish","format-standard","has-post-thumbnail","hentry","category-noticias"],"_links":{"self":[{"href":"https:\/\/portaisuls-qua.azurewebsites.net\/ulsg\/wp-json\/wp\/v2\/posts\/5966","targetHints":{"allow":["GET"]}}],"collection":[{"href":"https:\/\/portaisuls-qua.azurewebsites.net\/ulsg\/wp-json\/wp\/v2\/posts"}],"about":[{"href":"https:\/\/portaisuls-qua.azurewebsites.net\/ulsg\/wp-json\/wp\/v2\/types\/post"}],"author":[{"embeddable":true,"href":"https:\/\/portaisuls-qua.azurewebsites.net\/ulsg\/wp-json\/wp\/v2\/users\/46"}],"replies":[{"embeddable":true,"href":"https:\/\/portaisuls-qua.azurewebsites.net\/ulsg\/wp-json\/wp\/v2\/comments?post=5966"}],"version-history":[{"count":4,"href":"https:\/\/portaisuls-qua.azurewebsites.net\/ulsg\/wp-json\/wp\/v2\/posts\/5966\/revisions"}],"predecessor-version":[{"id":5973,"href":"https:\/\/portaisuls-qua.azurewebsites.net\/ulsg\/wp-json\/wp\/v2\/posts\/5966\/revisions\/5973"}],"wp:featuredmedia":[{"embeddable":true,"href":"https:\/\/portaisuls-qua.azurewebsites.net\/ulsg\/wp-json\/wp\/v2\/media\/5972"}],"wp:attachment":[{"href":"https:\/\/portaisuls-qua.azurewebsites.net\/ulsg\/wp-json\/wp\/v2\/media?parent=5966"}],"wp:term":[{"taxonomy":"category","embeddable":true,"href":"https:\/\/portaisuls-qua.azurewebsites.net\/ulsg\/wp-json\/wp\/v2\/categories?post=5966"},{"taxonomy":"post_tag","embeddable":true,"href":"https:\/\/portaisuls-qua.azurewebsites.net\/ulsg\/wp-json\/wp\/v2\/tags?post=5966"}],"curies":[{"name":"wp","href":"https:\/\/api.w.org\/{rel}","templated":true}]}}