{"id":5981,"date":"2017-04-10T11:59:26","date_gmt":"2017-04-10T11:59:26","guid":{"rendered":"http:\/\/www.ulsguarda.min-saude.pt\/?p=5981"},"modified":"2017-04-10T12:02:42","modified_gmt":"2017-04-10T12:02:42","slug":"campanha-da-ami-ajudar-nao-paga-imposto","status":"publish","type":"post","link":"https:\/\/portaisuls-qua.azurewebsites.net\/ulsg\/noticias\/campanha-da-ami-ajudar-nao-paga-imposto\/","title":{"rendered":"Campanha da AMI &#8220;Ajudar n\u00e3o paga imposto&#8221;"},"content":{"rendered":"<p><span style=\"color: #333333;line-height: 150%;font-family: 'Arial','sans-serif';font-size: 10.5pt\">As receitas conseguidas com a consigna\u00e7\u00e3o do IRS t\u00eam sido uma ferramenta importante para o trabalho das ONG e institui\u00e7\u00f5es humanit\u00e1rias. A AMI volta a apostar nesta importante fonte de receitas, atrav\u00e9s de uma nova campanha de divulga\u00e7\u00e3o, que este ano reverter\u00e1, mais uma vez, para os projetos de luta contra a pobreza em Portugal.<\/span><\/p>\n<p><span style=\"color: #333333;line-height: 150%;font-family: 'Arial','sans-serif';font-size: 10.5pt\">Refira-se que a interven\u00e7\u00e3o social da AMI n\u00e3o se cinge, de todo, ao apoio \u00e0s necessidades mais b\u00e1sicas. Para se conseguirem efetivamente resultados que se traduzam na melhoria das situa\u00e7\u00f5es de vida das pessoas que recorrem aos seus servi\u00e7os, \u00e9 necess\u00e1rio investir tempo, recursos, conhecer e procurar as respostas existentes, perceber que cada situa\u00e7\u00e3o \u00e9 \u00fanica e respeitar o tempo dos benefici\u00e1rios. Em 2016, a AMI apoiou 11.741 pessoas em Portugal.<\/span><\/p>\n<p><span style=\"color: #333333;line-height: 150%;font-family: 'Arial','sans-serif';font-size: 10.5pt\">E porque \u201cAjudar n\u00e3o paga imposto\u201d, ao preencher a declara\u00e7\u00e3o anual, qualquer um pode \u2013 sem qualquer custo \u2013 consignar 0,5% do seu imposto \u00e0 AMI, bastando para isso assinalar no campo 11 do modelo 3 a AMI como benefici\u00e1ria, indicando o N\u00famero de Identifica\u00e7\u00e3o de Pessoa Coletiva 502744910.<\/span><\/p>\n<p><span style=\"color: #333333;line-height: 150%;font-family: 'Arial','sans-serif';font-size: 10.5pt\">Tamb\u00e9m \u00e9 poss\u00edvel prescindir do benef\u00edcio de 15% do IVA suportado no abate \u00e0 coleta do IRS.<\/span><\/p>\n<p>&nbsp;<\/p>\n","protected":false},"excerpt":{"rendered":"<p>As receitas conseguidas com a consigna\u00e7\u00e3o do IRS t\u00eam sido uma ferramenta importante para o trabalho das ONG e institui\u00e7\u00f5es humanit\u00e1rias. A AMI volta a apostar nesta importante fonte de receitas, atrav\u00e9s de uma nova campanha de divulga\u00e7\u00e3o, que este ano reverter\u00e1, mais uma vez, para os projetos de luta contra a pobreza em Portugal. [&hellip;]<\/p>\n","protected":false},"author":46,"featured_media":5982,"comment_status":"open","ping_status":"open","sticky":false,"template":"","format":"standard","meta":{"footnotes":""},"categories":[8],"tags":[],"class_list":["post-5981","post","type-post","status-publish","format-standard","has-post-thumbnail","hentry","category-noticias"],"_links":{"self":[{"href":"https:\/\/portaisuls-qua.azurewebsites.net\/ulsg\/wp-json\/wp\/v2\/posts\/5981","targetHints":{"allow":["GET"]}}],"collection":[{"href":"https:\/\/portaisuls-qua.azurewebsites.net\/ulsg\/wp-json\/wp\/v2\/posts"}],"about":[{"href":"https:\/\/portaisuls-qua.azurewebsites.net\/ulsg\/wp-json\/wp\/v2\/types\/post"}],"author":[{"embeddable":true,"href":"https:\/\/portaisuls-qua.azurewebsites.net\/ulsg\/wp-json\/wp\/v2\/users\/46"}],"replies":[{"embeddable":true,"href":"https:\/\/portaisuls-qua.azurewebsites.net\/ulsg\/wp-json\/wp\/v2\/comments?post=5981"}],"version-history":[{"count":1,"href":"https:\/\/portaisuls-qua.azurewebsites.net\/ulsg\/wp-json\/wp\/v2\/posts\/5981\/revisions"}],"predecessor-version":[{"id":5983,"href":"https:\/\/portaisuls-qua.azurewebsites.net\/ulsg\/wp-json\/wp\/v2\/posts\/5981\/revisions\/5983"}],"wp:featuredmedia":[{"embeddable":true,"href":"https:\/\/portaisuls-qua.azurewebsites.net\/ulsg\/wp-json\/wp\/v2\/media\/5982"}],"wp:attachment":[{"href":"https:\/\/portaisuls-qua.azurewebsites.net\/ulsg\/wp-json\/wp\/v2\/media?parent=5981"}],"wp:term":[{"taxonomy":"category","embeddable":true,"href":"https:\/\/portaisuls-qua.azurewebsites.net\/ulsg\/wp-json\/wp\/v2\/categories?post=5981"},{"taxonomy":"post_tag","embeddable":true,"href":"https:\/\/portaisuls-qua.azurewebsites.net\/ulsg\/wp-json\/wp\/v2\/tags?post=5981"}],"curies":[{"name":"wp","href":"https:\/\/api.w.org\/{rel}","templated":true}]}}