{"id":6020,"date":"2017-04-17T14:30:02","date_gmt":"2017-04-17T14:30:02","guid":{"rendered":"http:\/\/www.ulsguarda.min-saude.pt\/?p=6020"},"modified":"2017-04-17T14:30:57","modified_gmt":"2017-04-17T14:30:57","slug":"vila-real-faz-a-sua-estreia-como-anfitria-do-congresso-nacional-de-mgf","status":"publish","type":"post","link":"https:\/\/portaisuls-qua.azurewebsites.net\/ulsg\/noticias\/vila-real-faz-a-sua-estreia-como-anfitria-do-congresso-nacional-de-mgf\/","title":{"rendered":"VILA REAL FAZ A SUA ESTREIA COMO ANFITRI\u00c3 DO CONGRESSO NACIONAL DE MGF"},"content":{"rendered":"<p>O 21\u00ba Congresso Nacional de MGF e o 16\u00ba Encontro Nacional de Internos e Jovens M\u00e9dicos de Fam\u00edlia (ENIJMF) ir\u00e3o realizar-se este ano em Vila Real, entre 29 de setembro e 1 de outubro. Na sequ\u00eancia de uma aposta bem sucedida por parte da APMGF, que ao longo das \u00faltimas d\u00e9cadas tem procurado realizar esses eventos fora das principais metr\u00f3poles, na tentativa de levar eventos cient\u00edficos de ineg\u00e1vel qualidade a locais que habitualmente est\u00e3o fora da rota dos grandes congressos e reuni\u00f5es, este ano o Congresso Nacional e o ENIJMF rumam ao interior norte e aproveitam o entusiasmo de uma comiss\u00e3o organizadora local altamente motivada, que tem origem na recentemente criada Delega\u00e7\u00e3o Distrital de Vila Real da APMGF.<\/p>\n","protected":false},"excerpt":{"rendered":"<p>O 21\u00ba Congresso Nacional de MGF e o 16\u00ba Encontro Nacional de Internos e Jovens M\u00e9dicos de Fam\u00edlia (ENIJMF) ir\u00e3o realizar-se este ano em Vila Real, entre 29 de setembro e 1 de outubro. Na sequ\u00eancia de uma aposta bem sucedida por parte da APMGF, que ao longo das \u00faltimas d\u00e9cadas tem procurado realizar esses [&hellip;]<\/p>\n","protected":false},"author":46,"featured_media":6021,"comment_status":"open","ping_status":"open","sticky":false,"template":"","format":"standard","meta":{"footnotes":""},"categories":[8],"tags":[],"class_list":["post-6020","post","type-post","status-publish","format-standard","has-post-thumbnail","hentry","category-noticias"],"_links":{"self":[{"href":"https:\/\/portaisuls-qua.azurewebsites.net\/ulsg\/wp-json\/wp\/v2\/posts\/6020","targetHints":{"allow":["GET"]}}],"collection":[{"href":"https:\/\/portaisuls-qua.azurewebsites.net\/ulsg\/wp-json\/wp\/v2\/posts"}],"about":[{"href":"https:\/\/portaisuls-qua.azurewebsites.net\/ulsg\/wp-json\/wp\/v2\/types\/post"}],"author":[{"embeddable":true,"href":"https:\/\/portaisuls-qua.azurewebsites.net\/ulsg\/wp-json\/wp\/v2\/users\/46"}],"replies":[{"embeddable":true,"href":"https:\/\/portaisuls-qua.azurewebsites.net\/ulsg\/wp-json\/wp\/v2\/comments?post=6020"}],"version-history":[{"count":1,"href":"https:\/\/portaisuls-qua.azurewebsites.net\/ulsg\/wp-json\/wp\/v2\/posts\/6020\/revisions"}],"predecessor-version":[{"id":6022,"href":"https:\/\/portaisuls-qua.azurewebsites.net\/ulsg\/wp-json\/wp\/v2\/posts\/6020\/revisions\/6022"}],"wp:featuredmedia":[{"embeddable":true,"href":"https:\/\/portaisuls-qua.azurewebsites.net\/ulsg\/wp-json\/wp\/v2\/media\/6021"}],"wp:attachment":[{"href":"https:\/\/portaisuls-qua.azurewebsites.net\/ulsg\/wp-json\/wp\/v2\/media?parent=6020"}],"wp:term":[{"taxonomy":"category","embeddable":true,"href":"https:\/\/portaisuls-qua.azurewebsites.net\/ulsg\/wp-json\/wp\/v2\/categories?post=6020"},{"taxonomy":"post_tag","embeddable":true,"href":"https:\/\/portaisuls-qua.azurewebsites.net\/ulsg\/wp-json\/wp\/v2\/tags?post=6020"}],"curies":[{"name":"wp","href":"https:\/\/api.w.org\/{rel}","templated":true}]}}