{"id":6030,"date":"2017-04-20T13:53:19","date_gmt":"2017-04-20T13:53:19","guid":{"rendered":"http:\/\/www.ulsguarda.min-saude.pt\/?p=6030"},"modified":"2017-04-20T14:00:38","modified_gmt":"2017-04-20T14:00:38","slug":"mes-da-prevencao-dos-maus-tratos-infantis","status":"publish","type":"post","link":"https:\/\/portaisuls-qua.azurewebsites.net\/ulsg\/sem-categoria\/mes-da-prevencao-dos-maus-tratos-infantis\/","title":{"rendered":"M\u00caS DA PREVEN\u00c7\u00c3O DOS MAUS TRATOS INFANTIS"},"content":{"rendered":"<p><span style=\"color: #000000;font-family: Times New Roman\">O NACJR do Centro de Sa\u00fade da Guarda comemora o m\u00eas da preven\u00e7\u00e3o dos maus tratos infantis com a afixa\u00e7\u00e3o de um la\u00e7o \u201cgigante\u201d na entrada das tr\u00eas Unidades de Cuidados de Sa\u00fade Prim\u00e1rios da cidade (UCSP da Guarda \u2013 Sede, Ext. de S. Miguel e USF A Ribeirinha), a distribui\u00e7\u00e3o de um la\u00e7o azul a todos os funcion\u00e1rios. <\/span><span style=\"color: #000000;font-family: Times New Roman\">Foram tamb\u00e9m elaborados outros la\u00e7os pelas duas alunas do curso de enfermagem da Escola Superior de Sa\u00fade em programa de est\u00e1gio curricular na Ext. de S. Miguel que foram distribu\u00eddos aos funcion\u00e1rios desta Extens\u00e3o e que ser\u00e3o oferecidos a todas as crian\u00e7as na consulta de sa\u00fade infantil ao longo do m\u00eas de Abril. <\/span><\/p>\n<p><span style=\"color: #000000;font-family: Times New Roman\">O NACJR agradece a todos os que, de uma forma, ou de outra, colaboraram neste projeto, Centro Social e Paroquial da S\u00e9, funcion\u00e1rios da Ext. de S. Miguel, ULS Guarda e \u00e0s alunas de Enfermagem. <\/span><\/p>\n<p>&nbsp;<\/p>\n","protected":false},"excerpt":{"rendered":"<p>O NACJR do Centro de Sa\u00fade da Guarda comemora o m\u00eas da preven\u00e7\u00e3o dos maus tratos infantis com a afixa\u00e7\u00e3o de um la\u00e7o \u201cgigante\u201d na entrada das tr\u00eas Unidades de Cuidados de Sa\u00fade Prim\u00e1rios da cidade (UCSP da Guarda \u2013 Sede, Ext. de S. Miguel e USF A Ribeirinha), a distribui\u00e7\u00e3o de um la\u00e7o azul [&hellip;]<\/p>\n","protected":false},"author":46,"featured_media":6031,"comment_status":"open","ping_status":"open","sticky":false,"template":"","format":"standard","meta":{"footnotes":""},"categories":[8,1],"tags":[],"class_list":["post-6030","post","type-post","status-publish","format-standard","has-post-thumbnail","hentry","category-noticias","category-sem-categoria"],"_links":{"self":[{"href":"https:\/\/portaisuls-qua.azurewebsites.net\/ulsg\/wp-json\/wp\/v2\/posts\/6030","targetHints":{"allow":["GET"]}}],"collection":[{"href":"https:\/\/portaisuls-qua.azurewebsites.net\/ulsg\/wp-json\/wp\/v2\/posts"}],"about":[{"href":"https:\/\/portaisuls-qua.azurewebsites.net\/ulsg\/wp-json\/wp\/v2\/types\/post"}],"author":[{"embeddable":true,"href":"https:\/\/portaisuls-qua.azurewebsites.net\/ulsg\/wp-json\/wp\/v2\/users\/46"}],"replies":[{"embeddable":true,"href":"https:\/\/portaisuls-qua.azurewebsites.net\/ulsg\/wp-json\/wp\/v2\/comments?post=6030"}],"version-history":[{"count":1,"href":"https:\/\/portaisuls-qua.azurewebsites.net\/ulsg\/wp-json\/wp\/v2\/posts\/6030\/revisions"}],"predecessor-version":[{"id":6032,"href":"https:\/\/portaisuls-qua.azurewebsites.net\/ulsg\/wp-json\/wp\/v2\/posts\/6030\/revisions\/6032"}],"wp:featuredmedia":[{"embeddable":true,"href":"https:\/\/portaisuls-qua.azurewebsites.net\/ulsg\/wp-json\/wp\/v2\/media\/6031"}],"wp:attachment":[{"href":"https:\/\/portaisuls-qua.azurewebsites.net\/ulsg\/wp-json\/wp\/v2\/media?parent=6030"}],"wp:term":[{"taxonomy":"category","embeddable":true,"href":"https:\/\/portaisuls-qua.azurewebsites.net\/ulsg\/wp-json\/wp\/v2\/categories?post=6030"},{"taxonomy":"post_tag","embeddable":true,"href":"https:\/\/portaisuls-qua.azurewebsites.net\/ulsg\/wp-json\/wp\/v2\/tags?post=6030"}],"curies":[{"name":"wp","href":"https:\/\/api.w.org\/{rel}","templated":true}]}}