{"id":6134,"date":"2017-05-01T16:04:14","date_gmt":"2017-05-01T16:04:14","guid":{"rendered":"http:\/\/www.ulsguarda.min-saude.pt\/?p=6134"},"modified":"2017-05-01T16:06:03","modified_gmt":"2017-05-01T16:06:03","slug":"os-perigos-de-intoxicacao-por-monoxido-de-carbono","status":"publish","type":"post","link":"https:\/\/portaisuls-qua.azurewebsites.net\/ulsg\/sem-categoria\/os-perigos-de-intoxicacao-por-monoxido-de-carbono\/","title":{"rendered":"Os perigos de intoxica\u00e7\u00e3o por mon\u00f3xido de carbono"},"content":{"rendered":"<p>O mon\u00f3xido de carbono \u00e9 um g\u00e1s t\u00f3xico, que n\u00e3o tem cor nem cheiro. A sua inala\u00e7\u00e3o pode provocar perda de sentidos e inclusive a morte, se a v\u00edtima n\u00e3o for socorrida a tempo.<\/p>\n<p>Para evitar acidentes: \u00a0Deixe circular o ar na sua casa: certifique-se que as grelhas de ventila\u00e7\u00e3o n\u00e3o est\u00e3o obstru\u00eddas, os aquecedores port\u00e1teis s\u00e3o destinados a utiliza\u00e7\u00f5es de curtos per\u00edodos de tempo, anualmente recorra a t\u00e9cnicos especializados para verificar as suas instala\u00e7\u00f5es.<\/p>\n<p>Os primeiros sinais de intoxica\u00e7\u00e3o por mon\u00f3xido de carbono s\u00e3o as dores de cabe\u00e7a, n\u00e1useas e fadiga. Estes sintomas ocorrem lentamente. Se a exposi\u00e7\u00e3o ao mon\u00f3xido de carbono se mantiver, a pessoa come\u00e7a a sentir tonturas, dist\u00farbios de comportamento, perda de consci\u00eancia e em seguida entra em coma e morre. Durante o sono, estes sintomas n\u00e3o s\u00e3o suficientemente fortes para acordar a pessoa, e consequentemente os alertas n\u00e3o s\u00e3o sentidos, causando a morte. Para informa\u00e7\u00f5es complementares consulte: <a href=\"https:\/\/www.consumidor.pt\/\">https:\/\/www.consumidor.pt\/<\/a><\/p>\n<p><a href=\"http:\/\/www.ulsguarda.min-saude.pt\/wp-content\/uploads\/sites\/6\/2017\/05\/DGC_-_riscos_de_intoxicacao-seguranca_em_casa_2016.pdf\">Riscos de Intoxica\u00e7\u00e3o por mon\u00f3xido de carbono<\/a><\/p>\n","protected":false},"excerpt":{"rendered":"<p>O mon\u00f3xido de carbono \u00e9 um g\u00e1s t\u00f3xico, que n\u00e3o tem cor nem cheiro. A sua inala\u00e7\u00e3o pode provocar perda de sentidos e inclusive a morte, se a v\u00edtima n\u00e3o for socorrida a tempo. Para evitar acidentes: \u00a0Deixe circular o ar na sua casa: certifique-se que as grelhas de ventila\u00e7\u00e3o n\u00e3o est\u00e3o obstru\u00eddas, os aquecedores [&hellip;]<\/p>\n","protected":false},"author":46,"featured_media":6136,"comment_status":"open","ping_status":"open","sticky":false,"template":"","format":"standard","meta":{"footnotes":""},"categories":[8,1],"tags":[],"class_list":["post-6134","post","type-post","status-publish","format-standard","has-post-thumbnail","hentry","category-noticias","category-sem-categoria"],"_links":{"self":[{"href":"https:\/\/portaisuls-qua.azurewebsites.net\/ulsg\/wp-json\/wp\/v2\/posts\/6134","targetHints":{"allow":["GET"]}}],"collection":[{"href":"https:\/\/portaisuls-qua.azurewebsites.net\/ulsg\/wp-json\/wp\/v2\/posts"}],"about":[{"href":"https:\/\/portaisuls-qua.azurewebsites.net\/ulsg\/wp-json\/wp\/v2\/types\/post"}],"author":[{"embeddable":true,"href":"https:\/\/portaisuls-qua.azurewebsites.net\/ulsg\/wp-json\/wp\/v2\/users\/46"}],"replies":[{"embeddable":true,"href":"https:\/\/portaisuls-qua.azurewebsites.net\/ulsg\/wp-json\/wp\/v2\/comments?post=6134"}],"version-history":[{"count":1,"href":"https:\/\/portaisuls-qua.azurewebsites.net\/ulsg\/wp-json\/wp\/v2\/posts\/6134\/revisions"}],"predecessor-version":[{"id":6137,"href":"https:\/\/portaisuls-qua.azurewebsites.net\/ulsg\/wp-json\/wp\/v2\/posts\/6134\/revisions\/6137"}],"wp:featuredmedia":[{"embeddable":true,"href":"https:\/\/portaisuls-qua.azurewebsites.net\/ulsg\/wp-json\/wp\/v2\/media\/6136"}],"wp:attachment":[{"href":"https:\/\/portaisuls-qua.azurewebsites.net\/ulsg\/wp-json\/wp\/v2\/media?parent=6134"}],"wp:term":[{"taxonomy":"category","embeddable":true,"href":"https:\/\/portaisuls-qua.azurewebsites.net\/ulsg\/wp-json\/wp\/v2\/categories?post=6134"},{"taxonomy":"post_tag","embeddable":true,"href":"https:\/\/portaisuls-qua.azurewebsites.net\/ulsg\/wp-json\/wp\/v2\/tags?post=6134"}],"curies":[{"name":"wp","href":"https:\/\/api.w.org\/{rel}","templated":true}]}}