{"id":6156,"date":"2017-05-02T13:42:25","date_gmt":"2017-05-02T13:42:25","guid":{"rendered":"http:\/\/www.ulsguarda.min-saude.pt\/?p=6156"},"modified":"2017-05-02T13:42:31","modified_gmt":"2017-05-02T13:42:31","slug":"uls-da-guarda-tem-nova-otorrinolaringologista","status":"publish","type":"post","link":"https:\/\/portaisuls-qua.azurewebsites.net\/ulsg\/noticias\/uls-da-guarda-tem-nova-otorrinolaringologista\/","title":{"rendered":"ULS DA GUARDA TEM NOVA OTORRINOLARINGOLOGISTA"},"content":{"rendered":"<p>Iniciou esta ter\u00e7a-feira fun\u00e7\u00f5es a nova Otorrinolaringologista na ULS da Guarda, Dr.\u00aa Anita Cunha. A M\u00e9dica Especialista \u00e9 um valioso refor\u00e7o para o Servi\u00e7o\u00a0 de Otorrino que conta atualmente com tr\u00eas especialistas, sendo dirigido pelo Dr. Jos\u00e9 Gama.<\/p>\n<p>A atividade assistencial do Servi\u00e7o \u00e9 realizada no Hospital Sousa Martins- Guarda e Hospital Nossa Senhora da Assun\u00e7\u00e3o, Seia, abrangendo a totalidade da popula\u00e7\u00e3o servida pela ULS da Guarda.<\/p>\n","protected":false},"excerpt":{"rendered":"<p>Iniciou esta ter\u00e7a-feira fun\u00e7\u00f5es a nova Otorrinolaringologista na ULS da Guarda, Dr.\u00aa Anita Cunha. A M\u00e9dica Especialista \u00e9 um valioso refor\u00e7o para o Servi\u00e7o\u00a0 de Otorrino que conta atualmente com tr\u00eas especialistas, sendo dirigido pelo Dr. Jos\u00e9 Gama. A atividade assistencial do Servi\u00e7o \u00e9 realizada no Hospital Sousa Martins- Guarda e Hospital Nossa Senhora da [&hellip;]<\/p>\n","protected":false},"author":46,"featured_media":6159,"comment_status":"open","ping_status":"open","sticky":false,"template":"","format":"standard","meta":{"footnotes":""},"categories":[8],"tags":[],"class_list":["post-6156","post","type-post","status-publish","format-standard","has-post-thumbnail","hentry","category-noticias"],"_links":{"self":[{"href":"https:\/\/portaisuls-qua.azurewebsites.net\/ulsg\/wp-json\/wp\/v2\/posts\/6156","targetHints":{"allow":["GET"]}}],"collection":[{"href":"https:\/\/portaisuls-qua.azurewebsites.net\/ulsg\/wp-json\/wp\/v2\/posts"}],"about":[{"href":"https:\/\/portaisuls-qua.azurewebsites.net\/ulsg\/wp-json\/wp\/v2\/types\/post"}],"author":[{"embeddable":true,"href":"https:\/\/portaisuls-qua.azurewebsites.net\/ulsg\/wp-json\/wp\/v2\/users\/46"}],"replies":[{"embeddable":true,"href":"https:\/\/portaisuls-qua.azurewebsites.net\/ulsg\/wp-json\/wp\/v2\/comments?post=6156"}],"version-history":[{"count":1,"href":"https:\/\/portaisuls-qua.azurewebsites.net\/ulsg\/wp-json\/wp\/v2\/posts\/6156\/revisions"}],"predecessor-version":[{"id":6161,"href":"https:\/\/portaisuls-qua.azurewebsites.net\/ulsg\/wp-json\/wp\/v2\/posts\/6156\/revisions\/6161"}],"wp:featuredmedia":[{"embeddable":true,"href":"https:\/\/portaisuls-qua.azurewebsites.net\/ulsg\/wp-json\/wp\/v2\/media\/6159"}],"wp:attachment":[{"href":"https:\/\/portaisuls-qua.azurewebsites.net\/ulsg\/wp-json\/wp\/v2\/media?parent=6156"}],"wp:term":[{"taxonomy":"category","embeddable":true,"href":"https:\/\/portaisuls-qua.azurewebsites.net\/ulsg\/wp-json\/wp\/v2\/categories?post=6156"},{"taxonomy":"post_tag","embeddable":true,"href":"https:\/\/portaisuls-qua.azurewebsites.net\/ulsg\/wp-json\/wp\/v2\/tags?post=6156"}],"curies":[{"name":"wp","href":"https:\/\/api.w.org\/{rel}","templated":true}]}}