{"id":6180,"date":"2017-05-08T11:59:57","date_gmt":"2017-05-08T11:59:57","guid":{"rendered":"http:\/\/www.ulsguarda.min-saude.pt\/?p=6180"},"modified":"2017-05-08T12:03:28","modified_gmt":"2017-05-08T12:03:28","slug":"uls-assinalou-dia-mundial-da-higiene-das-maos","status":"publish","type":"post","link":"https:\/\/portaisuls-qua.azurewebsites.net\/ulsg\/noticias\/uls-assinalou-dia-mundial-da-higiene-das-maos\/","title":{"rendered":"ULS assinalou Dia Mundial da Higiene das M\u00e3os"},"content":{"rendered":"<p>Todos os anos, no dia 5 de Maio a OMS comemora o Dia Mundial de Higiene das M\u00e3os,\u00a0 com o objetivo de melhorar as boas pr\u00e1ticas nos cuidados de sa\u00fade. A ULS da Guarda associou-se \u00e0 comemora\u00e7\u00e3o desta data e atrav\u00e9s do Grupo Coordenador Local do PPCIRA que entregou simbolicamente a profissionais e utentes pequenos crach\u00e1s alusivos a esta tem\u00e1tica!<\/p>\n<p>Foi tamb\u00e9m feita uma campanha de sensibiliza\u00e7\u00e3o para profissionais e utentes em locais estrat\u00e9gicos do Hospital Sousa Martins e Hospital Nossa Senhora da Assun\u00e7\u00e3o.<\/p>\n","protected":false},"excerpt":{"rendered":"<p>Todos os anos, no dia 5 de Maio a OMS comemora o Dia Mundial de Higiene das M\u00e3os,\u00a0 com o objetivo de melhorar as boas pr\u00e1ticas nos cuidados de sa\u00fade. A ULS da Guarda associou-se \u00e0 comemora\u00e7\u00e3o desta data e atrav\u00e9s do Grupo Coordenador Local do PPCIRA que entregou simbolicamente a profissionais e utentes pequenos [&hellip;]<\/p>\n","protected":false},"author":46,"featured_media":6181,"comment_status":"open","ping_status":"open","sticky":false,"template":"","format":"standard","meta":{"footnotes":""},"categories":[8],"tags":[],"class_list":["post-6180","post","type-post","status-publish","format-standard","has-post-thumbnail","hentry","category-noticias"],"_links":{"self":[{"href":"https:\/\/portaisuls-qua.azurewebsites.net\/ulsg\/wp-json\/wp\/v2\/posts\/6180","targetHints":{"allow":["GET"]}}],"collection":[{"href":"https:\/\/portaisuls-qua.azurewebsites.net\/ulsg\/wp-json\/wp\/v2\/posts"}],"about":[{"href":"https:\/\/portaisuls-qua.azurewebsites.net\/ulsg\/wp-json\/wp\/v2\/types\/post"}],"author":[{"embeddable":true,"href":"https:\/\/portaisuls-qua.azurewebsites.net\/ulsg\/wp-json\/wp\/v2\/users\/46"}],"replies":[{"embeddable":true,"href":"https:\/\/portaisuls-qua.azurewebsites.net\/ulsg\/wp-json\/wp\/v2\/comments?post=6180"}],"version-history":[{"count":2,"href":"https:\/\/portaisuls-qua.azurewebsites.net\/ulsg\/wp-json\/wp\/v2\/posts\/6180\/revisions"}],"predecessor-version":[{"id":6183,"href":"https:\/\/portaisuls-qua.azurewebsites.net\/ulsg\/wp-json\/wp\/v2\/posts\/6180\/revisions\/6183"}],"wp:featuredmedia":[{"embeddable":true,"href":"https:\/\/portaisuls-qua.azurewebsites.net\/ulsg\/wp-json\/wp\/v2\/media\/6181"}],"wp:attachment":[{"href":"https:\/\/portaisuls-qua.azurewebsites.net\/ulsg\/wp-json\/wp\/v2\/media?parent=6180"}],"wp:term":[{"taxonomy":"category","embeddable":true,"href":"https:\/\/portaisuls-qua.azurewebsites.net\/ulsg\/wp-json\/wp\/v2\/categories?post=6180"},{"taxonomy":"post_tag","embeddable":true,"href":"https:\/\/portaisuls-qua.azurewebsites.net\/ulsg\/wp-json\/wp\/v2\/tags?post=6180"}],"curies":[{"name":"wp","href":"https:\/\/api.w.org\/{rel}","templated":true}]}}