{"id":6184,"date":"2017-05-08T16:59:22","date_gmt":"2017-05-08T16:59:22","guid":{"rendered":"http:\/\/www.ulsguarda.min-saude.pt\/?p=6184"},"modified":"2017-05-08T16:59:41","modified_gmt":"2017-05-08T16:59:41","slug":"nova-administracao-quer-mais-e-melhor-saude-para-a-area-de-abrangencia-da-ulsg","status":"publish","type":"post","link":"https:\/\/portaisuls-qua.azurewebsites.net\/ulsg\/noticias\/nova-administracao-quer-mais-e-melhor-saude-para-a-area-de-abrangencia-da-ulsg\/","title":{"rendered":"Nova administra\u00e7\u00e3o quer &#8220;mais e melhor&#8221; sa\u00fade para a \u00e1rea de abrang\u00eancia da ULSG"},"content":{"rendered":"<p>Proporcionar &#8220;mais e melhor&#8221; sa\u00fade a todos os utentes \u00e9 um dos objetivos priorit\u00e1rios da nova administra\u00e7\u00e3o da ULS da Guarda.\u00a0Um objetivo revelado esta manh\u00e3 durante uma conferencia de imprensa que serviu\u00a0para apresentar formalmente a equipa \u00e0 comunica\u00e7\u00e3o social.<\/p>\n","protected":false},"excerpt":{"rendered":"<p>Proporcionar &#8220;mais e melhor&#8221; sa\u00fade a todos os utentes \u00e9 um dos objetivos priorit\u00e1rios da nova administra\u00e7\u00e3o da ULS da Guarda.\u00a0Um objetivo revelado esta manh\u00e3 durante uma conferencia de imprensa que serviu\u00a0para apresentar formalmente a equipa \u00e0 comunica\u00e7\u00e3o social.<\/p>\n","protected":false},"author":46,"featured_media":6185,"comment_status":"open","ping_status":"open","sticky":false,"template":"","format":"standard","meta":{"footnotes":""},"categories":[8],"tags":[],"class_list":["post-6184","post","type-post","status-publish","format-standard","has-post-thumbnail","hentry","category-noticias"],"_links":{"self":[{"href":"https:\/\/portaisuls-qua.azurewebsites.net\/ulsg\/wp-json\/wp\/v2\/posts\/6184","targetHints":{"allow":["GET"]}}],"collection":[{"href":"https:\/\/portaisuls-qua.azurewebsites.net\/ulsg\/wp-json\/wp\/v2\/posts"}],"about":[{"href":"https:\/\/portaisuls-qua.azurewebsites.net\/ulsg\/wp-json\/wp\/v2\/types\/post"}],"author":[{"embeddable":true,"href":"https:\/\/portaisuls-qua.azurewebsites.net\/ulsg\/wp-json\/wp\/v2\/users\/46"}],"replies":[{"embeddable":true,"href":"https:\/\/portaisuls-qua.azurewebsites.net\/ulsg\/wp-json\/wp\/v2\/comments?post=6184"}],"version-history":[{"count":1,"href":"https:\/\/portaisuls-qua.azurewebsites.net\/ulsg\/wp-json\/wp\/v2\/posts\/6184\/revisions"}],"predecessor-version":[{"id":6186,"href":"https:\/\/portaisuls-qua.azurewebsites.net\/ulsg\/wp-json\/wp\/v2\/posts\/6184\/revisions\/6186"}],"wp:featuredmedia":[{"embeddable":true,"href":"https:\/\/portaisuls-qua.azurewebsites.net\/ulsg\/wp-json\/wp\/v2\/media\/6185"}],"wp:attachment":[{"href":"https:\/\/portaisuls-qua.azurewebsites.net\/ulsg\/wp-json\/wp\/v2\/media?parent=6184"}],"wp:term":[{"taxonomy":"category","embeddable":true,"href":"https:\/\/portaisuls-qua.azurewebsites.net\/ulsg\/wp-json\/wp\/v2\/categories?post=6184"},{"taxonomy":"post_tag","embeddable":true,"href":"https:\/\/portaisuls-qua.azurewebsites.net\/ulsg\/wp-json\/wp\/v2\/tags?post=6184"}],"curies":[{"name":"wp","href":"https:\/\/api.w.org\/{rel}","templated":true}]}}