{"id":6196,"date":"2017-05-10T14:41:10","date_gmt":"2017-05-10T14:41:10","guid":{"rendered":"http:\/\/www.ulsguarda.min-saude.pt\/?p=6196"},"modified":"2017-05-10T14:47:36","modified_gmt":"2017-05-10T14:47:36","slug":"familia-da-meda-recebe-kit-de-premios-da-tap","status":"publish","type":"post","link":"https:\/\/portaisuls-qua.azurewebsites.net\/ulsg\/noticias\/familia-da-meda-recebe-kit-de-premios-da-tap\/","title":{"rendered":"FAM\u00cdLIA DA M\u00caDA RECEBE KIT DE PR\u00c9MIOS DA TAP"},"content":{"rendered":"<p>A companhia \u00e1rea TAP, no \u00e2mbito do projeto &#8220;Abra\u00e7ar Portugal&#8221;, resolveu premiar todos os beb\u00e9s que nasceram no Dia da M\u00e3e, nos 18 distritos e Regi\u00f5es Aut\u00f3nomas. No distrito da Guarda n\u00e3o houve crian\u00e7a no dia 7 de maio, mas a TAP abriu uma exce\u00e7\u00e3o e premiou a primeira crian\u00e7a a nascer ap\u00f3s essa data.<\/p>\n<p>O Kit de ofertas da TAP, que incluiu o batismo de voo, foi entregue esta ter\u00e7a-feira \u00e0 fam\u00edlia Branquinho pelo nascimento do segundo filho, Bruno Branquinho. A fam\u00edlia do concelho da M\u00eada, poder\u00e1 utilizar o voucher daqui a um ano, numa viagem de fam\u00edlia a bordo de um dos 20 avi\u00f5es da frota regional, a TAP Express. O pr\u00e9mio foi entregue pelo diretor do &#8220;O Interior&#8221;, o jornal parceiro da TAP na regi\u00e3o nesta campanha, na presen\u00e7a da Presidente do Conselho de Administra\u00e7\u00e3o da ULS, Diretora\u00a0do Servi\u00e7o de Obstetr\u00edcia e Enfermeira Chefe do Servi\u00e7o de Obstetr\u00edcia.<\/p>\n<p>A ULS agradece o gesto da TAP e felicita a fam\u00edlia premiada!<\/p>\n","protected":false},"excerpt":{"rendered":"<p>A companhia \u00e1rea TAP, no \u00e2mbito do projeto &#8220;Abra\u00e7ar Portugal&#8221;, resolveu premiar todos os beb\u00e9s que nasceram no Dia da M\u00e3e, nos 18 distritos e Regi\u00f5es Aut\u00f3nomas. No distrito da Guarda n\u00e3o houve crian\u00e7a no dia 7 de maio, mas a TAP abriu uma exce\u00e7\u00e3o e premiou a primeira crian\u00e7a a nascer ap\u00f3s essa data. [&hellip;]<\/p>\n","protected":false},"author":46,"featured_media":6197,"comment_status":"open","ping_status":"open","sticky":false,"template":"","format":"standard","meta":{"footnotes":""},"categories":[8],"tags":[],"class_list":["post-6196","post","type-post","status-publish","format-standard","has-post-thumbnail","hentry","category-noticias"],"_links":{"self":[{"href":"https:\/\/portaisuls-qua.azurewebsites.net\/ulsg\/wp-json\/wp\/v2\/posts\/6196","targetHints":{"allow":["GET"]}}],"collection":[{"href":"https:\/\/portaisuls-qua.azurewebsites.net\/ulsg\/wp-json\/wp\/v2\/posts"}],"about":[{"href":"https:\/\/portaisuls-qua.azurewebsites.net\/ulsg\/wp-json\/wp\/v2\/types\/post"}],"author":[{"embeddable":true,"href":"https:\/\/portaisuls-qua.azurewebsites.net\/ulsg\/wp-json\/wp\/v2\/users\/46"}],"replies":[{"embeddable":true,"href":"https:\/\/portaisuls-qua.azurewebsites.net\/ulsg\/wp-json\/wp\/v2\/comments?post=6196"}],"version-history":[{"count":5,"href":"https:\/\/portaisuls-qua.azurewebsites.net\/ulsg\/wp-json\/wp\/v2\/posts\/6196\/revisions"}],"predecessor-version":[{"id":6202,"href":"https:\/\/portaisuls-qua.azurewebsites.net\/ulsg\/wp-json\/wp\/v2\/posts\/6196\/revisions\/6202"}],"wp:featuredmedia":[{"embeddable":true,"href":"https:\/\/portaisuls-qua.azurewebsites.net\/ulsg\/wp-json\/wp\/v2\/media\/6197"}],"wp:attachment":[{"href":"https:\/\/portaisuls-qua.azurewebsites.net\/ulsg\/wp-json\/wp\/v2\/media?parent=6196"}],"wp:term":[{"taxonomy":"category","embeddable":true,"href":"https:\/\/portaisuls-qua.azurewebsites.net\/ulsg\/wp-json\/wp\/v2\/categories?post=6196"},{"taxonomy":"post_tag","embeddable":true,"href":"https:\/\/portaisuls-qua.azurewebsites.net\/ulsg\/wp-json\/wp\/v2\/tags?post=6196"}],"curies":[{"name":"wp","href":"https:\/\/api.w.org\/{rel}","templated":true}]}}