{"id":6216,"date":"2017-05-15T13:40:29","date_gmt":"2017-05-15T13:40:29","guid":{"rendered":"http:\/\/www.ulsguarda.min-saude.pt\/?p=6216"},"modified":"2017-05-15T13:41:10","modified_gmt":"2017-05-15T13:41:10","slug":"intervencao-as-arvores-do-parque-da-saude","status":"publish","type":"post","link":"https:\/\/portaisuls-qua.azurewebsites.net\/ulsg\/noticias\/intervencao-as-arvores-do-parque-da-saude\/","title":{"rendered":"Interven\u00e7\u00e3o \u00e0s \u00e1rvores do Parque da Sa\u00fade"},"content":{"rendered":"<p>Durante esta semana, as \u00e1rvores do Parque da Sa\u00fade, devidamente assinaladas pelos t\u00e9cnicos do ICNF, v\u00e3o\u00a0ser intervencionadas. Trata-se da continua\u00e7\u00e3o do projeto da manuten\u00e7\u00e3o do Parque da Sa\u00fade, iniciado em outubro do ano passado.\u00a0Devido \u00e0s referidas interven\u00e7\u00f5es que ser\u00e3o efetuadas ao longo da semana o tr\u00e2nsito vai estar condicionado e o estacionamento proibido nas zonas que atempadamente estar\u00e3o assinaladas.<\/p>\n<p>Pedimos a compreens\u00e3o de todos e lamentamos os inc\u00f3modos que possam ser causados.\u00a0\u00a0A\u00a0madeira proveniente de todas estas interven\u00e7\u00f5es ser\u00e1 doada a diversas institui\u00e7\u00f5es de solidariedade social do distrito da Guarda.<\/p>\n","protected":false},"excerpt":{"rendered":"<p>Durante esta semana, as \u00e1rvores do Parque da Sa\u00fade, devidamente assinaladas pelos t\u00e9cnicos do ICNF, v\u00e3o\u00a0ser intervencionadas. Trata-se da continua\u00e7\u00e3o do projeto da manuten\u00e7\u00e3o do Parque da Sa\u00fade, iniciado em outubro do ano passado.\u00a0Devido \u00e0s referidas interven\u00e7\u00f5es que ser\u00e3o efetuadas ao longo da semana o tr\u00e2nsito vai estar condicionado e o estacionamento proibido nas zonas [&hellip;]<\/p>\n","protected":false},"author":46,"featured_media":6217,"comment_status":"open","ping_status":"open","sticky":false,"template":"","format":"standard","meta":{"footnotes":""},"categories":[8],"tags":[],"class_list":["post-6216","post","type-post","status-publish","format-standard","has-post-thumbnail","hentry","category-noticias"],"_links":{"self":[{"href":"https:\/\/portaisuls-qua.azurewebsites.net\/ulsg\/wp-json\/wp\/v2\/posts\/6216","targetHints":{"allow":["GET"]}}],"collection":[{"href":"https:\/\/portaisuls-qua.azurewebsites.net\/ulsg\/wp-json\/wp\/v2\/posts"}],"about":[{"href":"https:\/\/portaisuls-qua.azurewebsites.net\/ulsg\/wp-json\/wp\/v2\/types\/post"}],"author":[{"embeddable":true,"href":"https:\/\/portaisuls-qua.azurewebsites.net\/ulsg\/wp-json\/wp\/v2\/users\/46"}],"replies":[{"embeddable":true,"href":"https:\/\/portaisuls-qua.azurewebsites.net\/ulsg\/wp-json\/wp\/v2\/comments?post=6216"}],"version-history":[{"count":1,"href":"https:\/\/portaisuls-qua.azurewebsites.net\/ulsg\/wp-json\/wp\/v2\/posts\/6216\/revisions"}],"predecessor-version":[{"id":6218,"href":"https:\/\/portaisuls-qua.azurewebsites.net\/ulsg\/wp-json\/wp\/v2\/posts\/6216\/revisions\/6218"}],"wp:featuredmedia":[{"embeddable":true,"href":"https:\/\/portaisuls-qua.azurewebsites.net\/ulsg\/wp-json\/wp\/v2\/media\/6217"}],"wp:attachment":[{"href":"https:\/\/portaisuls-qua.azurewebsites.net\/ulsg\/wp-json\/wp\/v2\/media?parent=6216"}],"wp:term":[{"taxonomy":"category","embeddable":true,"href":"https:\/\/portaisuls-qua.azurewebsites.net\/ulsg\/wp-json\/wp\/v2\/categories?post=6216"},{"taxonomy":"post_tag","embeddable":true,"href":"https:\/\/portaisuls-qua.azurewebsites.net\/ulsg\/wp-json\/wp\/v2\/tags?post=6216"}],"curies":[{"name":"wp","href":"https:\/\/api.w.org\/{rel}","templated":true}]}}