{"id":6225,"date":"2017-05-17T14:01:43","date_gmt":"2017-05-17T14:01:43","guid":{"rendered":"http:\/\/www.ulsguarda.min-saude.pt\/?p=6225"},"modified":"2017-05-17T14:03:03","modified_gmt":"2017-05-17T14:03:03","slug":"dia-mundial-da-hipertensao-arterial","status":"publish","type":"post","link":"https:\/\/portaisuls-qua.azurewebsites.net\/ulsg\/noticias\/dia-mundial-da-hipertensao-arterial\/","title":{"rendered":"Dia Mundial da Hipertens\u00e3o Arterial"},"content":{"rendered":"<p><strong>\u00a0<\/strong><strong>A ULS da Guarda atrav\u00e9s da equipa da Pediatria\u00a0est\u00e1 a assinalar o Dia Mundial da Hipertens\u00e3o Arterial com uma visita simb\u00f3lica a uma das escolas b\u00e1sicas da cidade da Guarda. Esta quarta-feira,\u00a0profissionais de sa\u00fade da ULS deslocaram-se \u00e0 escola do Bonfim para efetuarem um rastreio junto dos mais novos e sensibilizarem a comunidade escolar de que a Hipertens\u00e3o Arterial \u00e9 um problema de Sa\u00fade P\u00fablica a n\u00edvel mundial e pode estar presente em qualquer idade.<\/strong><\/p>\n<p><strong>\u00c9 importante diagnosticar atempadamente, para poder tratar e prevenir!&#8230;<\/strong><\/p>\n","protected":false},"excerpt":{"rendered":"<p>\u00a0A ULS da Guarda atrav\u00e9s da equipa da Pediatria\u00a0est\u00e1 a assinalar o Dia Mundial da Hipertens\u00e3o Arterial com uma visita simb\u00f3lica a uma das escolas b\u00e1sicas da cidade da Guarda. Esta quarta-feira,\u00a0profissionais de sa\u00fade da ULS deslocaram-se \u00e0 escola do Bonfim para efetuarem um rastreio junto dos mais novos e sensibilizarem a comunidade escolar de [&hellip;]<\/p>\n","protected":false},"author":46,"featured_media":6226,"comment_status":"open","ping_status":"open","sticky":false,"template":"","format":"standard","meta":{"footnotes":""},"categories":[8],"tags":[],"class_list":["post-6225","post","type-post","status-publish","format-standard","has-post-thumbnail","hentry","category-noticias"],"_links":{"self":[{"href":"https:\/\/portaisuls-qua.azurewebsites.net\/ulsg\/wp-json\/wp\/v2\/posts\/6225","targetHints":{"allow":["GET"]}}],"collection":[{"href":"https:\/\/portaisuls-qua.azurewebsites.net\/ulsg\/wp-json\/wp\/v2\/posts"}],"about":[{"href":"https:\/\/portaisuls-qua.azurewebsites.net\/ulsg\/wp-json\/wp\/v2\/types\/post"}],"author":[{"embeddable":true,"href":"https:\/\/portaisuls-qua.azurewebsites.net\/ulsg\/wp-json\/wp\/v2\/users\/46"}],"replies":[{"embeddable":true,"href":"https:\/\/portaisuls-qua.azurewebsites.net\/ulsg\/wp-json\/wp\/v2\/comments?post=6225"}],"version-history":[{"count":3,"href":"https:\/\/portaisuls-qua.azurewebsites.net\/ulsg\/wp-json\/wp\/v2\/posts\/6225\/revisions"}],"predecessor-version":[{"id":6229,"href":"https:\/\/portaisuls-qua.azurewebsites.net\/ulsg\/wp-json\/wp\/v2\/posts\/6225\/revisions\/6229"}],"wp:featuredmedia":[{"embeddable":true,"href":"https:\/\/portaisuls-qua.azurewebsites.net\/ulsg\/wp-json\/wp\/v2\/media\/6226"}],"wp:attachment":[{"href":"https:\/\/portaisuls-qua.azurewebsites.net\/ulsg\/wp-json\/wp\/v2\/media?parent=6225"}],"wp:term":[{"taxonomy":"category","embeddable":true,"href":"https:\/\/portaisuls-qua.azurewebsites.net\/ulsg\/wp-json\/wp\/v2\/categories?post=6225"},{"taxonomy":"post_tag","embeddable":true,"href":"https:\/\/portaisuls-qua.azurewebsites.net\/ulsg\/wp-json\/wp\/v2\/tags?post=6225"}],"curies":[{"name":"wp","href":"https:\/\/api.w.org\/{rel}","templated":true}]}}