{"id":6249,"date":"2017-05-19T11:44:18","date_gmt":"2017-05-19T11:44:18","guid":{"rendered":"http:\/\/www.ulsguarda.min-saude.pt\/?p=6249"},"modified":"2017-05-19T11:44:27","modified_gmt":"2017-05-19T11:44:27","slug":"reumatologia-com-capacidade-formativa-reconhecida-pelo-colegio-da-especialidade","status":"publish","type":"post","link":"https:\/\/portaisuls-qua.azurewebsites.net\/ulsg\/noticias\/reumatologia-com-capacidade-formativa-reconhecida-pelo-colegio-da-especialidade\/","title":{"rendered":"REUMATOLOGIA COM CAPACIDADE FORMATIVA RECONHECIDA PELO COL\u00c9GIO DA ESPECIALIDADE"},"content":{"rendered":"<p>O Col\u00e9gio da Especialidade de Reumatologia da Ordem dos M\u00e9dicos reconheceu o Servi\u00e7o da ULS da Guarda como id\u00f3neo para fins formativos por constata\u00e7\u00e3o do cumprimento de crit\u00e9rios que garantem um potencial de sucesso para a forma\u00e7\u00e3o em causa. Assim, a partir de janeiro de 2018, o Servi\u00e7o dirigido pela Dra. Cl\u00e1udia Vaz passar\u00e1 a contar com mais uma vaga para um m\u00e9dico interno de Forma\u00e7\u00e3o Espec\u00edfica de Reumatologia.<\/p>\n<p><strong>\u00a0<\/strong><\/p>\n<p>&nbsp;<\/p>\n","protected":false},"excerpt":{"rendered":"<p>O Col\u00e9gio da Especialidade de Reumatologia da Ordem dos M\u00e9dicos reconheceu o Servi\u00e7o da ULS da Guarda como id\u00f3neo para fins formativos por constata\u00e7\u00e3o do cumprimento de crit\u00e9rios que garantem um potencial de sucesso para a forma\u00e7\u00e3o em causa. Assim, a partir de janeiro de 2018, o Servi\u00e7o dirigido pela Dra. Cl\u00e1udia Vaz passar\u00e1 a [&hellip;]<\/p>\n","protected":false},"author":46,"featured_media":6250,"comment_status":"open","ping_status":"open","sticky":false,"template":"","format":"standard","meta":{"footnotes":""},"categories":[8],"tags":[],"class_list":["post-6249","post","type-post","status-publish","format-standard","has-post-thumbnail","hentry","category-noticias"],"_links":{"self":[{"href":"https:\/\/portaisuls-qua.azurewebsites.net\/ulsg\/wp-json\/wp\/v2\/posts\/6249","targetHints":{"allow":["GET"]}}],"collection":[{"href":"https:\/\/portaisuls-qua.azurewebsites.net\/ulsg\/wp-json\/wp\/v2\/posts"}],"about":[{"href":"https:\/\/portaisuls-qua.azurewebsites.net\/ulsg\/wp-json\/wp\/v2\/types\/post"}],"author":[{"embeddable":true,"href":"https:\/\/portaisuls-qua.azurewebsites.net\/ulsg\/wp-json\/wp\/v2\/users\/46"}],"replies":[{"embeddable":true,"href":"https:\/\/portaisuls-qua.azurewebsites.net\/ulsg\/wp-json\/wp\/v2\/comments?post=6249"}],"version-history":[{"count":1,"href":"https:\/\/portaisuls-qua.azurewebsites.net\/ulsg\/wp-json\/wp\/v2\/posts\/6249\/revisions"}],"predecessor-version":[{"id":6251,"href":"https:\/\/portaisuls-qua.azurewebsites.net\/ulsg\/wp-json\/wp\/v2\/posts\/6249\/revisions\/6251"}],"wp:featuredmedia":[{"embeddable":true,"href":"https:\/\/portaisuls-qua.azurewebsites.net\/ulsg\/wp-json\/wp\/v2\/media\/6250"}],"wp:attachment":[{"href":"https:\/\/portaisuls-qua.azurewebsites.net\/ulsg\/wp-json\/wp\/v2\/media?parent=6249"}],"wp:term":[{"taxonomy":"category","embeddable":true,"href":"https:\/\/portaisuls-qua.azurewebsites.net\/ulsg\/wp-json\/wp\/v2\/categories?post=6249"},{"taxonomy":"post_tag","embeddable":true,"href":"https:\/\/portaisuls-qua.azurewebsites.net\/ulsg\/wp-json\/wp\/v2\/tags?post=6249"}],"curies":[{"name":"wp","href":"https:\/\/api.w.org\/{rel}","templated":true}]}}