{"id":6272,"date":"2017-05-26T11:59:54","date_gmt":"2017-05-26T11:59:54","guid":{"rendered":"http:\/\/www.ulsguarda.min-saude.pt\/?p=6272"},"modified":"2017-05-26T12:00:07","modified_gmt":"2017-05-26T12:00:07","slug":"clinica-estrelinha-a-funcionar-hoje-e-amanha-no-la-vie","status":"publish","type":"post","link":"https:\/\/portaisuls-qua.azurewebsites.net\/ulsg\/noticias\/clinica-estrelinha-a-funcionar-hoje-e-amanha-no-la-vie\/","title":{"rendered":"Cl\u00ednica Estrelinha a funcionar hoje e amanh\u00e3 no La Vie"},"content":{"rendered":"<p>Abriu esta manh\u00e3 as portas a Cl\u00ednica Estrelinha. \u00c9 assim que se chama o projeto da ULS da Guarda idealizado por uma equipa de m\u00e9dicos internos e enfermeiros da USF Ribeirinha.<\/p>\n<p>A primeira fase do projeto, que est\u00e1 a ser implementado no Centro Comercial La Vie, conta com o apoio do La Vie, Munic\u00edpio da Guarda e das \u00f3pticas Lince. Tem como objetivo desmistificar o medo das crian\u00e7as do m\u00e9dico e do enfermeiro, dar a conhecer o papel do m\u00e9dico de fam\u00edlia na comunidade e educar para a sa\u00fade e cidadania.<\/p>\n<p>Todos as crian\u00e7as podem e devem levar um boneco amigo ao La Vie e participar neste projeto que est\u00e1 a ser um \u00eaxito!..<\/p>\n","protected":false},"excerpt":{"rendered":"<p>Abriu esta manh\u00e3 as portas a Cl\u00ednica Estrelinha. \u00c9 assim que se chama o projeto da ULS da Guarda idealizado por uma equipa de m\u00e9dicos internos e enfermeiros da USF Ribeirinha. A primeira fase do projeto, que est\u00e1 a ser implementado no Centro Comercial La Vie, conta com o apoio do La Vie, Munic\u00edpio da [&hellip;]<\/p>\n","protected":false},"author":46,"featured_media":6273,"comment_status":"open","ping_status":"open","sticky":false,"template":"","format":"standard","meta":{"footnotes":""},"categories":[8],"tags":[],"class_list":["post-6272","post","type-post","status-publish","format-standard","has-post-thumbnail","hentry","category-noticias"],"_links":{"self":[{"href":"https:\/\/portaisuls-qua.azurewebsites.net\/ulsg\/wp-json\/wp\/v2\/posts\/6272","targetHints":{"allow":["GET"]}}],"collection":[{"href":"https:\/\/portaisuls-qua.azurewebsites.net\/ulsg\/wp-json\/wp\/v2\/posts"}],"about":[{"href":"https:\/\/portaisuls-qua.azurewebsites.net\/ulsg\/wp-json\/wp\/v2\/types\/post"}],"author":[{"embeddable":true,"href":"https:\/\/portaisuls-qua.azurewebsites.net\/ulsg\/wp-json\/wp\/v2\/users\/46"}],"replies":[{"embeddable":true,"href":"https:\/\/portaisuls-qua.azurewebsites.net\/ulsg\/wp-json\/wp\/v2\/comments?post=6272"}],"version-history":[{"count":1,"href":"https:\/\/portaisuls-qua.azurewebsites.net\/ulsg\/wp-json\/wp\/v2\/posts\/6272\/revisions"}],"predecessor-version":[{"id":6274,"href":"https:\/\/portaisuls-qua.azurewebsites.net\/ulsg\/wp-json\/wp\/v2\/posts\/6272\/revisions\/6274"}],"wp:featuredmedia":[{"embeddable":true,"href":"https:\/\/portaisuls-qua.azurewebsites.net\/ulsg\/wp-json\/wp\/v2\/media\/6273"}],"wp:attachment":[{"href":"https:\/\/portaisuls-qua.azurewebsites.net\/ulsg\/wp-json\/wp\/v2\/media?parent=6272"}],"wp:term":[{"taxonomy":"category","embeddable":true,"href":"https:\/\/portaisuls-qua.azurewebsites.net\/ulsg\/wp-json\/wp\/v2\/categories?post=6272"},{"taxonomy":"post_tag","embeddable":true,"href":"https:\/\/portaisuls-qua.azurewebsites.net\/ulsg\/wp-json\/wp\/v2\/tags?post=6272"}],"curies":[{"name":"wp","href":"https:\/\/api.w.org\/{rel}","templated":true}]}}