{"id":6369,"date":"2017-06-01T11:49:51","date_gmt":"2017-06-01T11:49:51","guid":{"rendered":"http:\/\/www.ulsguarda.min-saude.pt\/?p=6369"},"modified":"2017-06-01T11:50:10","modified_gmt":"2017-06-01T11:50:10","slug":"dia-da-crianca-na-ulsg","status":"publish","type":"post","link":"https:\/\/portaisuls-qua.azurewebsites.net\/ulsg\/noticias\/dia-da-crianca-na-ulsg\/","title":{"rendered":"DIA DA CRIAN\u00c7A NA ULSG"},"content":{"rendered":"<p>Os Servi\u00e7os de obstetr\u00edcia, pediatria e urg\u00eancia pedi\u00e1trica uniram esfor\u00e7os e organizaram um dia repleto de atividades para as crian\u00e7as, que nesta data, est\u00e3o internados ou que tenham de vir \u00e0 ULS da Guarda.<\/p>\n<p>Durante a manh\u00e3, os Bombeiros da Guarda amavelmente disponibilizaram-se para fazer uma pequena demonstra\u00e7\u00e3o para os mais pequenitos.<\/p>\n<p>Haver\u00e1 ainda m\u00fasica, teatro de fantoches, pinturas faciais e bal\u00f5es coloridos. V\u00e3o ser tamb\u00e9m entregues algumas lembran\u00e7as a todos os meninos que estiverem hoje na institui\u00e7\u00e3o.<\/p>\n","protected":false},"excerpt":{"rendered":"<p>Os Servi\u00e7os de obstetr\u00edcia, pediatria e urg\u00eancia pedi\u00e1trica uniram esfor\u00e7os e organizaram um dia repleto de atividades para as crian\u00e7as, que nesta data, est\u00e3o internados ou que tenham de vir \u00e0 ULS da Guarda. Durante a manh\u00e3, os Bombeiros da Guarda amavelmente disponibilizaram-se para fazer uma pequena demonstra\u00e7\u00e3o para os mais pequenitos. Haver\u00e1 ainda m\u00fasica, [&hellip;]<\/p>\n","protected":false},"author":46,"featured_media":6370,"comment_status":"open","ping_status":"open","sticky":false,"template":"","format":"standard","meta":{"footnotes":""},"categories":[8],"tags":[],"class_list":["post-6369","post","type-post","status-publish","format-standard","has-post-thumbnail","hentry","category-noticias"],"_links":{"self":[{"href":"https:\/\/portaisuls-qua.azurewebsites.net\/ulsg\/wp-json\/wp\/v2\/posts\/6369","targetHints":{"allow":["GET"]}}],"collection":[{"href":"https:\/\/portaisuls-qua.azurewebsites.net\/ulsg\/wp-json\/wp\/v2\/posts"}],"about":[{"href":"https:\/\/portaisuls-qua.azurewebsites.net\/ulsg\/wp-json\/wp\/v2\/types\/post"}],"author":[{"embeddable":true,"href":"https:\/\/portaisuls-qua.azurewebsites.net\/ulsg\/wp-json\/wp\/v2\/users\/46"}],"replies":[{"embeddable":true,"href":"https:\/\/portaisuls-qua.azurewebsites.net\/ulsg\/wp-json\/wp\/v2\/comments?post=6369"}],"version-history":[{"count":1,"href":"https:\/\/portaisuls-qua.azurewebsites.net\/ulsg\/wp-json\/wp\/v2\/posts\/6369\/revisions"}],"predecessor-version":[{"id":6371,"href":"https:\/\/portaisuls-qua.azurewebsites.net\/ulsg\/wp-json\/wp\/v2\/posts\/6369\/revisions\/6371"}],"wp:featuredmedia":[{"embeddable":true,"href":"https:\/\/portaisuls-qua.azurewebsites.net\/ulsg\/wp-json\/wp\/v2\/media\/6370"}],"wp:attachment":[{"href":"https:\/\/portaisuls-qua.azurewebsites.net\/ulsg\/wp-json\/wp\/v2\/media?parent=6369"}],"wp:term":[{"taxonomy":"category","embeddable":true,"href":"https:\/\/portaisuls-qua.azurewebsites.net\/ulsg\/wp-json\/wp\/v2\/categories?post=6369"},{"taxonomy":"post_tag","embeddable":true,"href":"https:\/\/portaisuls-qua.azurewebsites.net\/ulsg\/wp-json\/wp\/v2\/tags?post=6369"}],"curies":[{"name":"wp","href":"https:\/\/api.w.org\/{rel}","templated":true}]}}