{"id":6398,"date":"2017-06-09T16:34:23","date_gmt":"2017-06-09T16:34:23","guid":{"rendered":"http:\/\/www.ulsguarda.min-saude.pt\/?p=6398"},"modified":"2017-06-09T16:38:37","modified_gmt":"2017-06-09T16:38:37","slug":"projeto-doce-vida-da-uls-apresentado-em-coimbra","status":"publish","type":"post","link":"https:\/\/portaisuls-qua.azurewebsites.net\/ulsg\/noticias\/projeto-doce-vida-da-uls-apresentado-em-coimbra\/","title":{"rendered":"PROJETO &#8220;DOCE VIDA&#8221; DA ULS APRESENTADO EM COIMBRA"},"content":{"rendered":"<p>A Equipa de Interven\u00e7\u00e3o no Tratamento e Controlo da Diabetes em Pediatria da ULS da Guarda apresentou\u00a0esta quinta-feira\u00a0em Coimbra o projeto &#8220;Doce Vida&#8221;.\u00a0 A apresenta\u00e7\u00e3o do projeto foi feita durante a I Reuni\u00e3o Rede ENSI Portugal, integrada no Congresso Internacional de Enfermagem de Sa\u00fade Infantil e Pedi\u00e1trica da Escola Superior de Enfermagem de Coimbra.<\/p>\n","protected":false},"excerpt":{"rendered":"<p>A Equipa de Interven\u00e7\u00e3o no Tratamento e Controlo da Diabetes em Pediatria da ULS da Guarda apresentou\u00a0esta quinta-feira\u00a0em Coimbra o projeto &#8220;Doce Vida&#8221;.\u00a0 A apresenta\u00e7\u00e3o do projeto foi feita durante a I Reuni\u00e3o Rede ENSI Portugal, integrada no Congresso Internacional de Enfermagem de Sa\u00fade Infantil e Pedi\u00e1trica da Escola Superior de Enfermagem de Coimbra.<\/p>\n","protected":false},"author":46,"featured_media":6399,"comment_status":"open","ping_status":"open","sticky":false,"template":"","format":"standard","meta":{"footnotes":""},"categories":[8],"tags":[],"class_list":["post-6398","post","type-post","status-publish","format-standard","has-post-thumbnail","hentry","category-noticias"],"_links":{"self":[{"href":"https:\/\/portaisuls-qua.azurewebsites.net\/ulsg\/wp-json\/wp\/v2\/posts\/6398","targetHints":{"allow":["GET"]}}],"collection":[{"href":"https:\/\/portaisuls-qua.azurewebsites.net\/ulsg\/wp-json\/wp\/v2\/posts"}],"about":[{"href":"https:\/\/portaisuls-qua.azurewebsites.net\/ulsg\/wp-json\/wp\/v2\/types\/post"}],"author":[{"embeddable":true,"href":"https:\/\/portaisuls-qua.azurewebsites.net\/ulsg\/wp-json\/wp\/v2\/users\/46"}],"replies":[{"embeddable":true,"href":"https:\/\/portaisuls-qua.azurewebsites.net\/ulsg\/wp-json\/wp\/v2\/comments?post=6398"}],"version-history":[{"count":3,"href":"https:\/\/portaisuls-qua.azurewebsites.net\/ulsg\/wp-json\/wp\/v2\/posts\/6398\/revisions"}],"predecessor-version":[{"id":6402,"href":"https:\/\/portaisuls-qua.azurewebsites.net\/ulsg\/wp-json\/wp\/v2\/posts\/6398\/revisions\/6402"}],"wp:featuredmedia":[{"embeddable":true,"href":"https:\/\/portaisuls-qua.azurewebsites.net\/ulsg\/wp-json\/wp\/v2\/media\/6399"}],"wp:attachment":[{"href":"https:\/\/portaisuls-qua.azurewebsites.net\/ulsg\/wp-json\/wp\/v2\/media?parent=6398"}],"wp:term":[{"taxonomy":"category","embeddable":true,"href":"https:\/\/portaisuls-qua.azurewebsites.net\/ulsg\/wp-json\/wp\/v2\/categories?post=6398"},{"taxonomy":"post_tag","embeddable":true,"href":"https:\/\/portaisuls-qua.azurewebsites.net\/ulsg\/wp-json\/wp\/v2\/tags?post=6398"}],"curies":[{"name":"wp","href":"https:\/\/api.w.org\/{rel}","templated":true}]}}