{"id":6419,"date":"2017-06-13T21:58:47","date_gmt":"2017-06-13T21:58:47","guid":{"rendered":"http:\/\/www.ulsguarda.min-saude.pt\/?p=6419"},"modified":"2017-06-13T21:59:47","modified_gmt":"2017-06-13T21:59:47","slug":"6419","status":"publish","type":"post","link":"https:\/\/portaisuls-qua.azurewebsites.net\/ulsg\/noticias\/6419\/","title":{"rendered":"CURSO DE PREPARA\u00c7\u00c3O PARA O PARTO, PARENTALIDADE E P\u00d3S-PARTO"},"content":{"rendered":"<p>Perante o incontorn\u00e1vel envelhecimento da popula\u00e7\u00e3o \u00a0e o despovoamento de toda a regi\u00e3o e consequentemente a diminui\u00e7\u00e3o da natalidade, tornou-se fundamental uma organiza\u00e7\u00e3o de cuidados de sa\u00fade de forma a garantir o \u201cBEM-ESTAR\u201d de qualquer comunidade Da\u00ed a necessidade de criar condi\u00e7\u00f5es que permitam \u201cenvelhecer em sa\u00fade\u201d, \u00a0mas tamb\u00e9m \u201cPREPARAR O NASCIMENTO\u201d.<\/p>\n<p>O Curso de Prepara\u00e7\u00e3o para o Parto e Parentalidade em Cuidados de Sa\u00fade Prim\u00e1rios da ULS da Guarda\u201d, oferece um acompanhamento especializado numa linha de continuidade, iniciando-se na fase pr\u00e9-natal e mantendo-se ao longo dos primeiros dias de vida do filho e casal.\u00a0O Curso de Prepara\u00e7\u00e3o para o Parto tem a dura\u00e7\u00e3o de 3 meses e inclui aulas te\u00f3ricas, pr\u00e1ticas, proje\u00e7\u00e3o de filmes e slides. As aulas te\u00f3ricas, direcionadas na sua maioria ao casal, abordam temas como a fisiologia do trabalho de parto, a adapta\u00e7\u00e3o do organismo ao parto, educa\u00e7\u00f5es para a sa\u00fade na \u00e1rea da sa\u00fade pr\u00e9-natal e puerperal, sexualidade, altera\u00e7\u00f5es psicol\u00f3gicas e fisiol\u00f3gicas no puerp\u00e9rio, aleitamento materno, prepara\u00e7\u00e3o para a estadia na maternidade e regresso a casa, cuidados ao beb\u00e9 nos primeiros meses de vida, entre outros.<\/p>\n<p>As Classes de Exerc\u00edcio P\u00f3s-Parto, iniciam ap\u00f3s 4 a 6 semanas do Parto e tem a dura\u00e7\u00e3o de 5 sess\u00f5es.<\/p>\n<p>Na comunidade as Aulas de Prepara\u00e7\u00e3o para o Parto, realizam-se ao s\u00e1bado, no Centro de Sa\u00fade de Gouveia durante o per\u00edodo da manh\u00e3 e no Centro de Sa\u00fade de Seia durante a tarde. Na Guarda existem 4 grupos\/tempos de aulas, das 18 \u00e0s 20 horas de segunda a quinta-feira.<\/p>\n<p>Dado o grau de satisfa\u00e7\u00e3o da comunidade, o Conselho de Administra\u00e7\u00e3o da ULS da Guarda tra\u00e7ou como um dos objetivos alargar a outros concelhos da \u00e1rea de abrang\u00eancia da ULS, este projeto.<\/p>\n<p>&nbsp;<\/p>\n","protected":false},"excerpt":{"rendered":"<p>Perante o incontorn\u00e1vel envelhecimento da popula\u00e7\u00e3o \u00a0e o despovoamento de toda a regi\u00e3o e consequentemente a diminui\u00e7\u00e3o da natalidade, tornou-se fundamental uma organiza\u00e7\u00e3o de cuidados de sa\u00fade de forma a garantir o \u201cBEM-ESTAR\u201d de qualquer comunidade Da\u00ed a necessidade de criar condi\u00e7\u00f5es que permitam \u201cenvelhecer em sa\u00fade\u201d, \u00a0mas tamb\u00e9m \u201cPREPARAR O NASCIMENTO\u201d. O Curso de [&hellip;]<\/p>\n","protected":false},"author":46,"featured_media":6420,"comment_status":"open","ping_status":"open","sticky":false,"template":"","format":"standard","meta":{"footnotes":""},"categories":[8],"tags":[],"class_list":["post-6419","post","type-post","status-publish","format-standard","has-post-thumbnail","hentry","category-noticias"],"_links":{"self":[{"href":"https:\/\/portaisuls-qua.azurewebsites.net\/ulsg\/wp-json\/wp\/v2\/posts\/6419","targetHints":{"allow":["GET"]}}],"collection":[{"href":"https:\/\/portaisuls-qua.azurewebsites.net\/ulsg\/wp-json\/wp\/v2\/posts"}],"about":[{"href":"https:\/\/portaisuls-qua.azurewebsites.net\/ulsg\/wp-json\/wp\/v2\/types\/post"}],"author":[{"embeddable":true,"href":"https:\/\/portaisuls-qua.azurewebsites.net\/ulsg\/wp-json\/wp\/v2\/users\/46"}],"replies":[{"embeddable":true,"href":"https:\/\/portaisuls-qua.azurewebsites.net\/ulsg\/wp-json\/wp\/v2\/comments?post=6419"}],"version-history":[{"count":2,"href":"https:\/\/portaisuls-qua.azurewebsites.net\/ulsg\/wp-json\/wp\/v2\/posts\/6419\/revisions"}],"predecessor-version":[{"id":6422,"href":"https:\/\/portaisuls-qua.azurewebsites.net\/ulsg\/wp-json\/wp\/v2\/posts\/6419\/revisions\/6422"}],"wp:featuredmedia":[{"embeddable":true,"href":"https:\/\/portaisuls-qua.azurewebsites.net\/ulsg\/wp-json\/wp\/v2\/media\/6420"}],"wp:attachment":[{"href":"https:\/\/portaisuls-qua.azurewebsites.net\/ulsg\/wp-json\/wp\/v2\/media?parent=6419"}],"wp:term":[{"taxonomy":"category","embeddable":true,"href":"https:\/\/portaisuls-qua.azurewebsites.net\/ulsg\/wp-json\/wp\/v2\/categories?post=6419"},{"taxonomy":"post_tag","embeddable":true,"href":"https:\/\/portaisuls-qua.azurewebsites.net\/ulsg\/wp-json\/wp\/v2\/tags?post=6419"}],"curies":[{"name":"wp","href":"https:\/\/api.w.org\/{rel}","templated":true}]}}