{"id":6427,"date":"2017-06-22T13:54:48","date_gmt":"2017-06-22T13:54:48","guid":{"rendered":"http:\/\/www.ulsguarda.min-saude.pt\/?p=6427"},"modified":"2017-06-22T13:54:56","modified_gmt":"2017-06-22T13:54:56","slug":"medico-da-guarda-consegue-primeiro-premio-em-congresso-internacional","status":"publish","type":"post","link":"https:\/\/portaisuls-qua.azurewebsites.net\/ulsg\/noticias\/medico-da-guarda-consegue-primeiro-premio-em-congresso-internacional\/","title":{"rendered":"M\u00c9DICO DA GUARDA CONSEGUE PRIMEIRO PR\u00c9MIO EM CONGRESSO INTERNACIONAL"},"content":{"rendered":"<p>O poster referente \u00e0 tem\u00e1tica da Pneumonia Intersticial Usual &#8211; realizado em parceria entre os Servi\u00e7os de Imagiologia e Pneumologia da ULS Guarda, apresentado pelo Dr. Gon\u00e7alo Samouco &#8211; interno complementar de Pneumologia da ULS Guarda, em Viena &#8211; \u00c1ustria, arrecadou o primeiro lugar num Congresso Internacional de Pneumologia.\u00a0 Tratou-se de um pr\u00e9mio atribu\u00eddo ao melhor poster na \u00e1rea de fibrose pulmonar em congresso internacional de pneumologia (Pneumo Update 2017, Viena &#8211; \u00c1ustria, junho de 2017).<\/p>\n","protected":false},"excerpt":{"rendered":"<p>O poster referente \u00e0 tem\u00e1tica da Pneumonia Intersticial Usual &#8211; realizado em parceria entre os Servi\u00e7os de Imagiologia e Pneumologia da ULS Guarda, apresentado pelo Dr. Gon\u00e7alo Samouco &#8211; interno complementar de Pneumologia da ULS Guarda, em Viena &#8211; \u00c1ustria, arrecadou o primeiro lugar num Congresso Internacional de Pneumologia.\u00a0 Tratou-se de um pr\u00e9mio atribu\u00eddo ao [&hellip;]<\/p>\n","protected":false},"author":46,"featured_media":6428,"comment_status":"open","ping_status":"open","sticky":false,"template":"","format":"standard","meta":{"footnotes":""},"categories":[8],"tags":[],"class_list":["post-6427","post","type-post","status-publish","format-standard","has-post-thumbnail","hentry","category-noticias"],"_links":{"self":[{"href":"https:\/\/portaisuls-qua.azurewebsites.net\/ulsg\/wp-json\/wp\/v2\/posts\/6427","targetHints":{"allow":["GET"]}}],"collection":[{"href":"https:\/\/portaisuls-qua.azurewebsites.net\/ulsg\/wp-json\/wp\/v2\/posts"}],"about":[{"href":"https:\/\/portaisuls-qua.azurewebsites.net\/ulsg\/wp-json\/wp\/v2\/types\/post"}],"author":[{"embeddable":true,"href":"https:\/\/portaisuls-qua.azurewebsites.net\/ulsg\/wp-json\/wp\/v2\/users\/46"}],"replies":[{"embeddable":true,"href":"https:\/\/portaisuls-qua.azurewebsites.net\/ulsg\/wp-json\/wp\/v2\/comments?post=6427"}],"version-history":[{"count":1,"href":"https:\/\/portaisuls-qua.azurewebsites.net\/ulsg\/wp-json\/wp\/v2\/posts\/6427\/revisions"}],"predecessor-version":[{"id":6429,"href":"https:\/\/portaisuls-qua.azurewebsites.net\/ulsg\/wp-json\/wp\/v2\/posts\/6427\/revisions\/6429"}],"wp:featuredmedia":[{"embeddable":true,"href":"https:\/\/portaisuls-qua.azurewebsites.net\/ulsg\/wp-json\/wp\/v2\/media\/6428"}],"wp:attachment":[{"href":"https:\/\/portaisuls-qua.azurewebsites.net\/ulsg\/wp-json\/wp\/v2\/media?parent=6427"}],"wp:term":[{"taxonomy":"category","embeddable":true,"href":"https:\/\/portaisuls-qua.azurewebsites.net\/ulsg\/wp-json\/wp\/v2\/categories?post=6427"},{"taxonomy":"post_tag","embeddable":true,"href":"https:\/\/portaisuls-qua.azurewebsites.net\/ulsg\/wp-json\/wp\/v2\/tags?post=6427"}],"curies":[{"name":"wp","href":"https:\/\/api.w.org\/{rel}","templated":true}]}}