{"id":6443,"date":"2017-06-30T16:19:19","date_gmt":"2017-06-30T16:19:19","guid":{"rendered":"http:\/\/www.ulsguarda.min-saude.pt\/?p=6443"},"modified":"2017-06-30T16:19:46","modified_gmt":"2017-06-30T16:19:46","slug":"uls-da-guarda-integra-unidade-de-missao-sabugal-social","status":"publish","type":"post","link":"https:\/\/portaisuls-qua.azurewebsites.net\/ulsg\/noticias\/uls-da-guarda-integra-unidade-de-missao-sabugal-social\/","title":{"rendered":"ULS da Guarda integra Unidade de Miss\u00e3o &#8220;Sabugal + Social&#8221;"},"content":{"rendered":"<p>A ULS da Guarda assinou esta manh\u00e3, na cidade do Sabugal, um acordo de parceria com o Munic\u00edpio do Sabugal, ADM Estrela, Rede Europeia Anti pobreza, Seguran\u00e7a Social, IPG, UBI e Projeto CLDS-3G\u00a0 que visa a cria\u00e7\u00e3o da Unidade de Miss\u00e3o &#8220;Sabugal + Social&#8221;.<\/p>\n<p>Este projeto, designado \u201cSabugal + Social: uma aposta nas pessoas\u201d, pretende criar um conjunto de solu\u00e7\u00f5es de resposta social inovadoras para problemas da comunidade do Sabugal, com impacto positivo superior e comprovado \u00e0s solu\u00e7\u00f5es existentes. Pretende tamb\u00e9m constituir-se localmente como um motor para a melhoria das respostas a problemas sociais, para a promo\u00e7\u00e3o de pr\u00e1ticas mobilizadoras do sucesso educativo e melhoria da qualidade de vida do idoso numa \u00f3tica de promo\u00e7\u00e3o do envelhecimento ativo tanto ao n\u00edvel de pol\u00edticas p\u00fablicas inovadoras como do dinamismo da economia social.<\/p>\n","protected":false},"excerpt":{"rendered":"<p>A ULS da Guarda assinou esta manh\u00e3, na cidade do Sabugal, um acordo de parceria com o Munic\u00edpio do Sabugal, ADM Estrela, Rede Europeia Anti pobreza, Seguran\u00e7a Social, IPG, UBI e Projeto CLDS-3G\u00a0 que visa a cria\u00e7\u00e3o da Unidade de Miss\u00e3o &#8220;Sabugal + Social&#8221;. Este projeto, designado \u201cSabugal + Social: uma aposta nas pessoas\u201d, pretende [&hellip;]<\/p>\n","protected":false},"author":46,"featured_media":6445,"comment_status":"open","ping_status":"open","sticky":false,"template":"","format":"standard","meta":{"footnotes":""},"categories":[8],"tags":[],"class_list":["post-6443","post","type-post","status-publish","format-standard","has-post-thumbnail","hentry","category-noticias"],"_links":{"self":[{"href":"https:\/\/portaisuls-qua.azurewebsites.net\/ulsg\/wp-json\/wp\/v2\/posts\/6443","targetHints":{"allow":["GET"]}}],"collection":[{"href":"https:\/\/portaisuls-qua.azurewebsites.net\/ulsg\/wp-json\/wp\/v2\/posts"}],"about":[{"href":"https:\/\/portaisuls-qua.azurewebsites.net\/ulsg\/wp-json\/wp\/v2\/types\/post"}],"author":[{"embeddable":true,"href":"https:\/\/portaisuls-qua.azurewebsites.net\/ulsg\/wp-json\/wp\/v2\/users\/46"}],"replies":[{"embeddable":true,"href":"https:\/\/portaisuls-qua.azurewebsites.net\/ulsg\/wp-json\/wp\/v2\/comments?post=6443"}],"version-history":[{"count":1,"href":"https:\/\/portaisuls-qua.azurewebsites.net\/ulsg\/wp-json\/wp\/v2\/posts\/6443\/revisions"}],"predecessor-version":[{"id":6446,"href":"https:\/\/portaisuls-qua.azurewebsites.net\/ulsg\/wp-json\/wp\/v2\/posts\/6443\/revisions\/6446"}],"wp:featuredmedia":[{"embeddable":true,"href":"https:\/\/portaisuls-qua.azurewebsites.net\/ulsg\/wp-json\/wp\/v2\/media\/6445"}],"wp:attachment":[{"href":"https:\/\/portaisuls-qua.azurewebsites.net\/ulsg\/wp-json\/wp\/v2\/media?parent=6443"}],"wp:term":[{"taxonomy":"category","embeddable":true,"href":"https:\/\/portaisuls-qua.azurewebsites.net\/ulsg\/wp-json\/wp\/v2\/categories?post=6443"},{"taxonomy":"post_tag","embeddable":true,"href":"https:\/\/portaisuls-qua.azurewebsites.net\/ulsg\/wp-json\/wp\/v2\/tags?post=6443"}],"curies":[{"name":"wp","href":"https:\/\/api.w.org\/{rel}","templated":true}]}}