{"id":6448,"date":"2017-07-03T11:35:59","date_gmt":"2017-07-03T11:35:59","guid":{"rendered":"http:\/\/www.ulsguarda.min-saude.pt\/?p=6448"},"modified":"2017-07-03T11:36:35","modified_gmt":"2017-07-03T11:36:35","slug":"guarda-recebeu-este-reuniao-de-ortopedistas-do-norte","status":"publish","type":"post","link":"https:\/\/portaisuls-qua.azurewebsites.net\/ulsg\/noticias\/guarda-recebeu-este-reuniao-de-ortopedistas-do-norte\/","title":{"rendered":"Guarda recebeu reuni\u00e3o de ortopedistas do Norte"},"content":{"rendered":"<p><span style=\"color: #000000;font-family: Calibri\">A Guarda foi mais uma vez a cidade escolhida para mais uma reuni\u00e3o de Ortopedistas do grupo dos Hospitais do Norte. Esta reuni\u00e3o de trabalho, organizada pelo Servi\u00e7o de Ortopedia da ULS da Guarda em parceria com a Sanofi, contou com a participa\u00e7\u00e3o de cerca de 40 ortopedistas que debateram ao longo da manh\u00e3 do passado s\u00e1bado\u00a0diferentes casos cl\u00ednicos da especialidade.<\/span><\/p>\n<p>&nbsp;<\/p>\n","protected":false},"excerpt":{"rendered":"<p>A Guarda foi mais uma vez a cidade escolhida para mais uma reuni\u00e3o de Ortopedistas do grupo dos Hospitais do Norte. Esta reuni\u00e3o de trabalho, organizada pelo Servi\u00e7o de Ortopedia da ULS da Guarda em parceria com a Sanofi, contou com a participa\u00e7\u00e3o de cerca de 40 ortopedistas que debateram ao longo da manh\u00e3 do [&hellip;]<\/p>\n","protected":false},"author":46,"featured_media":6449,"comment_status":"open","ping_status":"open","sticky":false,"template":"","format":"standard","meta":{"footnotes":""},"categories":[8],"tags":[],"class_list":["post-6448","post","type-post","status-publish","format-standard","has-post-thumbnail","hentry","category-noticias"],"_links":{"self":[{"href":"https:\/\/portaisuls-qua.azurewebsites.net\/ulsg\/wp-json\/wp\/v2\/posts\/6448","targetHints":{"allow":["GET"]}}],"collection":[{"href":"https:\/\/portaisuls-qua.azurewebsites.net\/ulsg\/wp-json\/wp\/v2\/posts"}],"about":[{"href":"https:\/\/portaisuls-qua.azurewebsites.net\/ulsg\/wp-json\/wp\/v2\/types\/post"}],"author":[{"embeddable":true,"href":"https:\/\/portaisuls-qua.azurewebsites.net\/ulsg\/wp-json\/wp\/v2\/users\/46"}],"replies":[{"embeddable":true,"href":"https:\/\/portaisuls-qua.azurewebsites.net\/ulsg\/wp-json\/wp\/v2\/comments?post=6448"}],"version-history":[{"count":2,"href":"https:\/\/portaisuls-qua.azurewebsites.net\/ulsg\/wp-json\/wp\/v2\/posts\/6448\/revisions"}],"predecessor-version":[{"id":6451,"href":"https:\/\/portaisuls-qua.azurewebsites.net\/ulsg\/wp-json\/wp\/v2\/posts\/6448\/revisions\/6451"}],"wp:featuredmedia":[{"embeddable":true,"href":"https:\/\/portaisuls-qua.azurewebsites.net\/ulsg\/wp-json\/wp\/v2\/media\/6449"}],"wp:attachment":[{"href":"https:\/\/portaisuls-qua.azurewebsites.net\/ulsg\/wp-json\/wp\/v2\/media?parent=6448"}],"wp:term":[{"taxonomy":"category","embeddable":true,"href":"https:\/\/portaisuls-qua.azurewebsites.net\/ulsg\/wp-json\/wp\/v2\/categories?post=6448"},{"taxonomy":"post_tag","embeddable":true,"href":"https:\/\/portaisuls-qua.azurewebsites.net\/ulsg\/wp-json\/wp\/v2\/tags?post=6448"}],"curies":[{"name":"wp","href":"https:\/\/api.w.org\/{rel}","templated":true}]}}