{"id":6457,"date":"2017-07-04T10:25:13","date_gmt":"2017-07-04T10:25:13","guid":{"rendered":"http:\/\/www.ulsguarda.min-saude.pt\/?p=6457"},"modified":"2017-07-04T10:27:53","modified_gmt":"2017-07-04T10:27:53","slug":"i-encontro-de-oncologia-da-uls-da-guarda","status":"publish","type":"post","link":"https:\/\/portaisuls-qua.azurewebsites.net\/ulsg\/noticias\/i-encontro-de-oncologia-da-uls-da-guarda\/","title":{"rendered":"I ENCONTRO DE ONCOLOGIA DA ULS DA GUARDA"},"content":{"rendered":"<p>O Servi\u00e7o de Oncologia da ULS da Guarda promoveu, no passado s\u00e1bado dia 1 de julho de 2017,\u00a0 o I Encontro de Oncologia da Guarda. Ao desafio, lan\u00e7ado por um utente do servi\u00e7o, responderam mais de uma centena de participantes. O objetivo do evento foi promover o conv\u00edvio entre utentes, familiares e profissionais de sa\u00fade, fora do ambiente hospitalar.<\/p>\n<p>Quem participou neste almo\u00e7o conv\u00edvio ficou agradado com a iniciativa. Quem organizou garante que dentro em breve repete a iniciativa!<\/p>\n<p>&nbsp;<\/p>\n","protected":false},"excerpt":{"rendered":"<p>O Servi\u00e7o de Oncologia da ULS da Guarda promoveu, no passado s\u00e1bado dia 1 de julho de 2017,\u00a0 o I Encontro de Oncologia da Guarda. Ao desafio, lan\u00e7ado por um utente do servi\u00e7o, responderam mais de uma centena de participantes. O objetivo do evento foi promover o conv\u00edvio entre utentes, familiares e profissionais de sa\u00fade, [&hellip;]<\/p>\n","protected":false},"author":46,"featured_media":6458,"comment_status":"open","ping_status":"open","sticky":false,"template":"","format":"standard","meta":{"footnotes":""},"categories":[8],"tags":[],"class_list":["post-6457","post","type-post","status-publish","format-standard","has-post-thumbnail","hentry","category-noticias"],"_links":{"self":[{"href":"https:\/\/portaisuls-qua.azurewebsites.net\/ulsg\/wp-json\/wp\/v2\/posts\/6457","targetHints":{"allow":["GET"]}}],"collection":[{"href":"https:\/\/portaisuls-qua.azurewebsites.net\/ulsg\/wp-json\/wp\/v2\/posts"}],"about":[{"href":"https:\/\/portaisuls-qua.azurewebsites.net\/ulsg\/wp-json\/wp\/v2\/types\/post"}],"author":[{"embeddable":true,"href":"https:\/\/portaisuls-qua.azurewebsites.net\/ulsg\/wp-json\/wp\/v2\/users\/46"}],"replies":[{"embeddable":true,"href":"https:\/\/portaisuls-qua.azurewebsites.net\/ulsg\/wp-json\/wp\/v2\/comments?post=6457"}],"version-history":[{"count":3,"href":"https:\/\/portaisuls-qua.azurewebsites.net\/ulsg\/wp-json\/wp\/v2\/posts\/6457\/revisions"}],"predecessor-version":[{"id":6461,"href":"https:\/\/portaisuls-qua.azurewebsites.net\/ulsg\/wp-json\/wp\/v2\/posts\/6457\/revisions\/6461"}],"wp:featuredmedia":[{"embeddable":true,"href":"https:\/\/portaisuls-qua.azurewebsites.net\/ulsg\/wp-json\/wp\/v2\/media\/6458"}],"wp:attachment":[{"href":"https:\/\/portaisuls-qua.azurewebsites.net\/ulsg\/wp-json\/wp\/v2\/media?parent=6457"}],"wp:term":[{"taxonomy":"category","embeddable":true,"href":"https:\/\/portaisuls-qua.azurewebsites.net\/ulsg\/wp-json\/wp\/v2\/categories?post=6457"},{"taxonomy":"post_tag","embeddable":true,"href":"https:\/\/portaisuls-qua.azurewebsites.net\/ulsg\/wp-json\/wp\/v2\/tags?post=6457"}],"curies":[{"name":"wp","href":"https:\/\/api.w.org\/{rel}","templated":true}]}}