{"id":6464,"date":"2017-07-09T20:47:40","date_gmt":"2017-07-09T20:47:40","guid":{"rendered":"http:\/\/www.ulsguarda.min-saude.pt\/?p=6464"},"modified":"2017-07-09T20:47:46","modified_gmt":"2017-07-09T20:47:46","slug":"grupo-motard-da-ulsg-visitou-regiao-do-douro","status":"publish","type":"post","link":"https:\/\/portaisuls-qua.azurewebsites.net\/ulsg\/noticias\/grupo-motard-da-ulsg-visitou-regiao-do-douro\/","title":{"rendered":"Grupo Motard da ULSG visitou regi\u00e3o do Douro"},"content":{"rendered":"<p>Foz C\u00f4a, S. Jo\u00e3o da Pesqueira, Pinh\u00e3o, R\u00e9gua, Lamego e Trancoso foram algumas das localidades por onde passou, este s\u00e1bado, o grupo motard da ULS da Guarda. No segundo passeio, deste grupo rec\u00e9m-criado, participaram mais de uma d\u00fazia de colaboradores da ULS da Guarda que t\u00eam em comum o gosto pelas motos.<\/p>\n","protected":false},"excerpt":{"rendered":"<p>Foz C\u00f4a, S. Jo\u00e3o da Pesqueira, Pinh\u00e3o, R\u00e9gua, Lamego e Trancoso foram algumas das localidades por onde passou, este s\u00e1bado, o grupo motard da ULS da Guarda. No segundo passeio, deste grupo rec\u00e9m-criado, participaram mais de uma d\u00fazia de colaboradores da ULS da Guarda que t\u00eam em comum o gosto pelas motos.<\/p>\n","protected":false},"author":46,"featured_media":6465,"comment_status":"open","ping_status":"open","sticky":false,"template":"","format":"standard","meta":{"footnotes":""},"categories":[8],"tags":[],"class_list":["post-6464","post","type-post","status-publish","format-standard","has-post-thumbnail","hentry","category-noticias"],"_links":{"self":[{"href":"https:\/\/portaisuls-qua.azurewebsites.net\/ulsg\/wp-json\/wp\/v2\/posts\/6464","targetHints":{"allow":["GET"]}}],"collection":[{"href":"https:\/\/portaisuls-qua.azurewebsites.net\/ulsg\/wp-json\/wp\/v2\/posts"}],"about":[{"href":"https:\/\/portaisuls-qua.azurewebsites.net\/ulsg\/wp-json\/wp\/v2\/types\/post"}],"author":[{"embeddable":true,"href":"https:\/\/portaisuls-qua.azurewebsites.net\/ulsg\/wp-json\/wp\/v2\/users\/46"}],"replies":[{"embeddable":true,"href":"https:\/\/portaisuls-qua.azurewebsites.net\/ulsg\/wp-json\/wp\/v2\/comments?post=6464"}],"version-history":[{"count":1,"href":"https:\/\/portaisuls-qua.azurewebsites.net\/ulsg\/wp-json\/wp\/v2\/posts\/6464\/revisions"}],"predecessor-version":[{"id":6466,"href":"https:\/\/portaisuls-qua.azurewebsites.net\/ulsg\/wp-json\/wp\/v2\/posts\/6464\/revisions\/6466"}],"wp:featuredmedia":[{"embeddable":true,"href":"https:\/\/portaisuls-qua.azurewebsites.net\/ulsg\/wp-json\/wp\/v2\/media\/6465"}],"wp:attachment":[{"href":"https:\/\/portaisuls-qua.azurewebsites.net\/ulsg\/wp-json\/wp\/v2\/media?parent=6464"}],"wp:term":[{"taxonomy":"category","embeddable":true,"href":"https:\/\/portaisuls-qua.azurewebsites.net\/ulsg\/wp-json\/wp\/v2\/categories?post=6464"},{"taxonomy":"post_tag","embeddable":true,"href":"https:\/\/portaisuls-qua.azurewebsites.net\/ulsg\/wp-json\/wp\/v2\/tags?post=6464"}],"curies":[{"name":"wp","href":"https:\/\/api.w.org\/{rel}","templated":true}]}}